                       {"id":42230,"date":"2023-06-07T14:46:58","date_gmt":"2023-06-07T20:46:58","guid":{"rendered":"https:\/\/laultimapalabra.com.mx\/portal\/?p=42230"},"modified":"2024-12-11T10:44:02","modified_gmt":"2024-12-11T16:44:02","slug":"espera-amlo-renuncias-de-corcholatas-en-estos-dias","status":"publish","type":"post","link":"https:\/\/laultimapalabra.com.mx\/portal\/espera-amlo-renuncias-de-corcholatas-en-estos-dias\/","title":{"rendered":"Espera AMLO renuncias de corcholatas &#8216;en estos d\u00edas&#8217;"},"content":{"rendered":"<p>CDMX.- Ante la renuncia del Canciller Marcelo Ebrard, el Presidente Andr\u00e9s Manuel L\u00f3pez Obrador dijo que es posible que &#8220;en estos d\u00edas&#8221; las otras corcholatas tambi\u00e9n presenten sus dimisiones.<\/p>\n<p>Durante la ma\u00f1anera, L\u00f3pez Obrador indic\u00f3 que ya inici\u00f3 el proceso hacia el 2024 .<\/p>\n<p>&#8220;Hay un proceso en puerta, se tiene que elegir al candidato o candidata a la Presidencia del bloque conservador, de otros partidos y de Morena y la coalici\u00f3n que han integrado, entonces ya inici\u00f3 este proceso y por eso la renuncia de Marcelo Ebrard&#8221;, indic\u00f3.<\/p>\n<p>&#8220;Porque, como es de dominio p\u00fablico, \u00e9l aspira a ser candidato, como la Jefa de Gobierno de la Ciudad de M\u00e9xico, Claudia Sheinbaum; como el coordinador de los senadores, Ricardo Monreal; como Ad\u00e1n Augusto L\u00f3pez Hern\u00e1ndez, Secretario de Gobernaci\u00f3n; son los que han expresado su inter\u00e9s&#8221;.<\/p>\n<p>&#8220;S\u00ed, ya inici\u00f3 este proceso y a eso se debe lo de la renuncia de Marcelo, y es posible que en estos d\u00edas, los que aspiran, pues tambi\u00e9n presenten sus renuncias&#8221;.<\/p>\n<p>El Mandatario federal afirm\u00f3 que tiene tiempo para definir al sucesor de Ebrard en la Secretar\u00eda de Relaciones Exteriores.<\/p>\n<p>&#8220;\u00bfY qui\u00e9n va a sustituirlos? Hay tiempo todav\u00eda, porque apenas fue el anuncio.<\/p>\n<p>Va a presentar la renuncia Marcelo, creo que el pr\u00f3ximo lunes, pues yo tengo tiempo para pensar qui\u00e9n puede sustituirlo y as\u00ed en todos los casos&#8221;, plante\u00f3 AMLO.<\/p>\n<p>El Presidente L\u00f3pez Obrador presumi\u00f3 que se est\u00e1 viviendo un hecho in\u00e9dito pues no habr\u00e1 dedazo, tapado o imposici\u00f3n de candidato a la Presidencia.<\/p>\n<p>&#8220;Es muy importante que estemos asistiendo a un hecho in\u00e9dito, algo nunca visto, porque, durante mucho tiempo fue el dedazo, el tapado, la imposici\u00f3n del Presidente, \u00e9l era el que designaba a su sucesor&#8221;, destac\u00f3.<\/p>\n<p>&#8220;Estamos hablando de siglos y por primera vez no hay tapado, no hay dedazo, no hay imposici\u00f3n, en el caso que nos corresponde, en el bloque conservador, ah\u00ed ya sabemos que van a consultar con los mandam\u00e1s, con los oligarcas para buscar el acuerdo&#8221;.<\/p>\n<p>Fuente: El Norte<\/p>\n","protected":false},"excerpt":{"rendered":"<p>CDMX.- Ante la renuncia del Canciller Marcelo Ebrard, el Presidente Andr\u00e9s Manuel L\u00f3pez Obrador dijo que es posible que &#8220;en estos d\u00edas&#8221; las otras corcholatas tambi\u00e9n presenten sus dimisiones. Durante la ma\u00f1anera, L\u00f3pez Obrador indic\u00f3 que ya inici\u00f3 el proceso hacia el 2024 . &#8220;Hay un proceso en puerta, se tiene que elegir al candidato [&hellip;]<\/p>\n","protected":false},"author":9,"featured_media":42231,"comment_status":"closed","ping_status":"closed","sticky":false,"template":"","format":"standard","meta":{"footnotes":""},"categories":[19],"tags":[124,7727,1486,5859],"class_list":["post-42230","post","type-post","status-publish","format-standard","has-post-thumbnail","hentry","category-nacional","tag-amlo","tag-esperarenunciasdecorcholatas","tag-marcelo-ebrard","tag-ultimas-noticias"],"_links":{"self":[{"href":"https:\/\/laultimapalabra.com.mx\/portal\/wp-json\/wp\/v2\/posts\/42230","targetHints":{"allow":["GET"]}}],"collection":[{"href":"https:\/\/laultimapalabra.com.mx\/portal\/wp-json\/wp\/v2\/posts"}],"about":[{"href":"https:\/\/laultimapalabra.com.mx\/portal\/wp-json\/wp\/v2\/types\/post"}],"author":[{"embeddable":true,"href":"https:\/\/laultimapalabra.com.mx\/portal\/wp-json\/wp\/v2\/users\/9"}],"replies":[{"embeddable":true,"href":"https:\/\/laultimapalabra.com.mx\/portal\/wp-json\/wp\/v2\/comments?post=42230"}],"version-history":[{"count":2,"href":"https:\/\/laultimapalabra.com.mx\/portal\/wp-json\/wp\/v2\/posts\/42230\/revisions"}],"predecessor-version":[{"id":83189,"href":"https:\/\/laultimapalabra.com.mx\/portal\/wp-json\/wp\/v2\/posts\/42230\/revisions\/83189"}],"wp:featuredmedia":[{"embeddable":true,"href":"https:\/\/laultimapalabra.com.mx\/portal\/wp-json\/wp\/v2\/media\/42231"}],"wp:attachment":[{"href":"https:\/\/laultimapalabra.com.mx\/portal\/wp-json\/wp\/v2\/media?parent=42230"}],"wp:term":[{"taxonomy":"category","embeddable":true,"href":"https:\/\/laultimapalabra.com.mx\/portal\/wp-json\/wp\/v2\/categories?post=42230"},{"taxonomy":"post_tag","embeddable":true,"href":"https:\/\/laultimapalabra.com.mx\/portal\/wp-json\/wp\/v2\/tags?post=42230"}],"curies":[{"name":"wp","href":"https:\/\/api.w.org\/{rel}","templated":true}]}}