                       {"id":42280,"date":"2023-06-08T13:39:15","date_gmt":"2023-06-08T19:39:15","guid":{"rendered":"https:\/\/laultimapalabra.com.mx\/portal\/?p=42280"},"modified":"2024-12-11T10:44:02","modified_gmt":"2024-12-11T16:44:02","slug":"hallan-a-oso-sin-vida-en-carretera-nacional","status":"publish","type":"post","link":"https:\/\/laultimapalabra.com.mx\/portal\/hallan-a-oso-sin-vida-en-carretera-nacional\/","title":{"rendered":"Hallan a oso sin vida en Carretera Nacional"},"content":{"rendered":"<p>Montemorelos, N.L.- Un oso de tama\u00f1o mediano fue encontrado esta ma\u00f1ana sin vida a un costado en un retorno de la Carretera Nacional, en el municipio de Montemorelos.<\/p>\n<p>De acuerdo con informes de Protecci\u00f3n Civil Municipal, cerca de las 7:30 horas les comunicaron que hab\u00eda un oso, que al parecer hab\u00eda sido arrollado en el kil\u00f3metro 85, a la altura del entronque con la Carretera a Rayones, a unos 150 metros de un motel.<\/p>\n<p>Al arribar los rescatistas localizaron al animal, que en apariencias no presentaba huellas de que hubiese sido arrollado, ni tampoco hab\u00eda huellas de frenado de neum\u00e1ticos cerca del animal.<\/p>\n<p>Los rescatistas pidieron la intervenci\u00f3n de personal de Parques y Vida Silvestre y de la Procuradur\u00eda Federal de Protecci\u00f3n Ambiental (Profepa) para que se hagan cargo del cuerpo del oso y realicen las indagatorias correspondientes.<\/p>\n<p>En un principio, se hab\u00eda informado que el oso pudo haber sido arrollado durante la madrugada al cruzar la carretera, pero no presentaba golpes en el cuerpo.<\/p>\n<p>Tambi\u00e9n trascendi\u00f3 que quiz\u00e1 el animal pudo haber muerto por un golpe de calor, debido a que ayer se registraron altas temperaturas en la regi\u00f3n citr\u00edcola, superiores a los 35 grados.<\/p>\n<p>La Profepa ser\u00e1 la encargada de realizar las investigaciones correspondientes para determinar las causas de la muerte del oso.<\/p>\n<p>&nbsp;<\/p>\n<p>FUENTE: EL NORTE<\/p>\n","protected":false},"excerpt":{"rendered":"<p>Montemorelos, N.L.- Un oso de tama\u00f1o mediano fue encontrado esta ma\u00f1ana sin vida a un costado en un retorno de la Carretera Nacional, en el municipio de Montemorelos. De acuerdo con informes de Protecci\u00f3n Civil Municipal, cerca de las 7:30 horas les comunicaron que hab\u00eda un oso, que al parecer hab\u00eda sido arrollado en el [&hellip;]<\/p>\n","protected":false},"author":9,"featured_media":42281,"comment_status":"closed","ping_status":"closed","sticky":false,"template":"","format":"standard","meta":{"footnotes":""},"categories":[15],"tags":[6794,7748,7749,5859],"class_list":["post-42280","post","type-post","status-publish","format-standard","has-post-thumbnail","hentry","category-estado","tag-montemorelos","tag-oso","tag-profepa","tag-ultimas-noticias"],"_links":{"self":[{"href":"https:\/\/laultimapalabra.com.mx\/portal\/wp-json\/wp\/v2\/posts\/42280","targetHints":{"allow":["GET"]}}],"collection":[{"href":"https:\/\/laultimapalabra.com.mx\/portal\/wp-json\/wp\/v2\/posts"}],"about":[{"href":"https:\/\/laultimapalabra.com.mx\/portal\/wp-json\/wp\/v2\/types\/post"}],"author":[{"embeddable":true,"href":"https:\/\/laultimapalabra.com.mx\/portal\/wp-json\/wp\/v2\/users\/9"}],"replies":[{"embeddable":true,"href":"https:\/\/laultimapalabra.com.mx\/portal\/wp-json\/wp\/v2\/comments?post=42280"}],"version-history":[{"count":2,"href":"https:\/\/laultimapalabra.com.mx\/portal\/wp-json\/wp\/v2\/posts\/42280\/revisions"}],"predecessor-version":[{"id":83219,"href":"https:\/\/laultimapalabra.com.mx\/portal\/wp-json\/wp\/v2\/posts\/42280\/revisions\/83219"}],"wp:featuredmedia":[{"embeddable":true,"href":"https:\/\/laultimapalabra.com.mx\/portal\/wp-json\/wp\/v2\/media\/42281"}],"wp:attachment":[{"href":"https:\/\/laultimapalabra.com.mx\/portal\/wp-json\/wp\/v2\/media?parent=42280"}],"wp:term":[{"taxonomy":"category","embeddable":true,"href":"https:\/\/laultimapalabra.com.mx\/portal\/wp-json\/wp\/v2\/categories?post=42280"},{"taxonomy":"post_tag","embeddable":true,"href":"https:\/\/laultimapalabra.com.mx\/portal\/wp-json\/wp\/v2\/tags?post=42280"}],"curies":[{"name":"wp","href":"https:\/\/api.w.org\/{rel}","templated":true}]}}