                       {"id":42286,"date":"2023-06-08T13:51:10","date_gmt":"2023-06-08T19:51:10","guid":{"rendered":"https:\/\/laultimapalabra.com.mx\/portal\/?p=42286"},"modified":"2024-12-11T10:44:02","modified_gmt":"2024-12-11T16:44:02","slug":"celebra-amlo-baja-de-la-inflacion-y-fortaleza-del-peso","status":"publish","type":"post","link":"https:\/\/laultimapalabra.com.mx\/portal\/celebra-amlo-baja-de-la-inflacion-y-fortaleza-del-peso\/","title":{"rendered":"Celebra AMLO baja de la inflaci\u00f3n y fortaleza del peso"},"content":{"rendered":"<p>Ciudad de M\u00e9xico.- El presidente Andr\u00e9s Manuel L\u00f3pez Obrador destac\u00f3 dos datos: el que la inflaci\u00f3n va a la baja en el pa\u00eds, en mayo se registr\u00f3 5.8 por ciento, y la fortaleza del peso ante el d\u00f3lar, que hoy se compra en 17.37.<\/p>\n<p>Esta ma\u00f1ana, el mandatario federal abri\u00f3 su habitual conferencia en Palacio Nacional con \u201cdos buenas noticias\u201d.<\/p>\n<p>As\u00ed, resalt\u00f3 que el Instituto Nacional de Estad\u00edstica y Geograf\u00eda (Inegi) hoy di\u00f3 a conocer el informe sobre inflaci\u00f3n donde este indicador se ubic\u00f3 en 5.8 por ciento, con una tendencia a la baja en los \u00faltimos meses, luego que el a\u00f1o pasado alcanz\u00f3 niveles hist\u00f3ricos a la alza \u2014no s\u00f3lo en M\u00e9xico sino en el mundo\u2014 en parte derivado de las consecuencias de la pandemia de Covid-19 y la guerra entre Rusia y Ucrania.<\/p>\n<p>\u201cHoy el Inegi da a conocer el informe sobre el comportamiento de la inflaci\u00f3n, y es muy buena noticia el que est\u00e1 bajando la inflaci\u00f3n\u201d.<\/p>\n<p>El jefe del Ejecutivo federal mostr\u00f3 un gr\u00e1fico en el que se mostr\u00f3 el comportamiento inflacionario del pa\u00eds de junio de 2022 a mayo de este a\u00f1o, donde en agosto y septiembre pasados se alcanz\u00f3 el punto m\u00e1s alto con 8.7 por ciento; mientras que en lo que va de 2023 el comportamiento ha sido el siguiente: 7.9 en enero, 7.6 en febrero, 6.8 en. Marzo, 6.3 abril y 5.8 en mayo.<\/p>\n<p>\u201cRecordemos que despu\u00e9s de la pandemia, con la guerra de Rusia y Ucrania se produjo en todo el mundo este fen\u00f3meno de crecimiento inflacionario.<\/p>\n<p>El Banco de M\u00e9xico, que es una instituci\u00f3n aut\u00f3noma, tom\u00f3 decisiones de aumentar la tasa de inter\u00e9s para controlar la inflaci\u00f3n.<\/p>\n<p>\u201cNosotros hicimos un acuerdo con productores, industriales, comerciantes para ofrecer una canasta b\u00e1sica a precios bajos, justos, nos ayud\u00f3 mucho ese plan, tambi\u00e9n el que no aument\u00f3 el precio de los combustibles, no aument\u00f3 el precio de las gasolinas, di\u00e9sel, gas, luz\u201d.<\/p>\n<p>El tabasque\u00f1o agradeci\u00f3 a las cadenas de autoservicio que se sumaron al plan contra la inflaci\u00f3n que lanz\u00f3 su administraci\u00f3n para evitar el alza de 24 productos b\u00e1sicos de consumo de las familias.<\/p>\n<p>\u201cHan incluso bajado de precio y aqu\u00ed est\u00e1 ya el resultado. O sea vamos avanzando en este prop\u00f3sito\u201d.<\/p>\n<p>Indic\u00f3 que cuando hay inflaci\u00f3n se afecta el ingreso, pues se puede aumentar el asalario pero se pierde poder de compra, el poder adquisitivo.<\/p>\n<p>El mandatario agreg\u00f3 que la \u201cotra buena noticia es que sigue fortaleci\u00e9ndose el peso. Es un fen\u00f3meno, miren esto: 17.37 pesos por d\u00f3lar.<\/p>\n<p>Cuando llegamos estaba a m\u00e1s de 20\u201d.<\/p>\n<p>Record\u00f3 que los pron\u00f3sticos de los especialistas y adversarios al inicio de su administraci\u00f3n fueron err\u00f3neos, pues estimaban que el peso se iba a ir a 30 por d\u00f3lar.<\/p>\n<p>\u201cHubo un comentarista que dijo: &#8216;compren sus dolaritos\u2019. \u00bfAhora c\u00f3mo le va a hacer con los que le hicieron caso?\u201d.<\/p>\n<p>El presidente insisti\u00f3 que estos indicadores representan \u201cbuenas noticias. Est\u00e1 fortalecida la econom\u00eda y es crecimiento con bienestar\u201d.<\/p>\n<p>Se le pregunt\u00f3 si en breve se retomar\u00e1 la cumbre con naciones de Am\u00e9rica Latina \u2014que hab\u00eda sido citada por el propio L\u00f3pez Obrador y se suspendi\u00f3 cuando contrajo Covid por tercera ocasi\u00f3n\u2014, a lo que respondi\u00f3 que se trabaja con todos los pa\u00edses de la regi\u00f3n para el intercambio comercial, \u201cy vamos a seguir cuidando que no aumente la inflaci\u00f3n\u201d.<\/p>\n<p>FUENTE: LA JORNADA<\/p>\n","protected":false},"excerpt":{"rendered":"<p>Ciudad de M\u00e9xico.- El presidente Andr\u00e9s Manuel L\u00f3pez Obrador destac\u00f3 dos datos: el que la inflaci\u00f3n va a la baja en el pa\u00eds, en mayo se registr\u00f3 5.8 por ciento, y la fortaleza del peso ante el d\u00f3lar, que hoy se compra en 17.37. Esta ma\u00f1ana, el mandatario federal abri\u00f3 su habitual conferencia en Palacio [&hellip;]<\/p>\n","protected":false},"author":9,"featured_media":42287,"comment_status":"closed","ping_status":"closed","sticky":false,"template":"","format":"standard","meta":{"footnotes":""},"categories":[19],"tags":[124,7752,7754,7753,5859],"class_list":["post-42286","post","type-post","status-publish","format-standard","has-post-thumbnail","hentry","category-nacional","tag-amlo","tag-bajadeinflacion","tag-celebraelpresidente","tag-fortalezadelpeso","tag-ultimas-noticias"],"_links":{"self":[{"href":"https:\/\/laultimapalabra.com.mx\/portal\/wp-json\/wp\/v2\/posts\/42286","targetHints":{"allow":["GET"]}}],"collection":[{"href":"https:\/\/laultimapalabra.com.mx\/portal\/wp-json\/wp\/v2\/posts"}],"about":[{"href":"https:\/\/laultimapalabra.com.mx\/portal\/wp-json\/wp\/v2\/types\/post"}],"author":[{"embeddable":true,"href":"https:\/\/laultimapalabra.com.mx\/portal\/wp-json\/wp\/v2\/users\/9"}],"replies":[{"embeddable":true,"href":"https:\/\/laultimapalabra.com.mx\/portal\/wp-json\/wp\/v2\/comments?post=42286"}],"version-history":[{"count":2,"href":"https:\/\/laultimapalabra.com.mx\/portal\/wp-json\/wp\/v2\/posts\/42286\/revisions"}],"predecessor-version":[{"id":83223,"href":"https:\/\/laultimapalabra.com.mx\/portal\/wp-json\/wp\/v2\/posts\/42286\/revisions\/83223"}],"wp:featuredmedia":[{"embeddable":true,"href":"https:\/\/laultimapalabra.com.mx\/portal\/wp-json\/wp\/v2\/media\/42287"}],"wp:attachment":[{"href":"https:\/\/laultimapalabra.com.mx\/portal\/wp-json\/wp\/v2\/media?parent=42286"}],"wp:term":[{"taxonomy":"category","embeddable":true,"href":"https:\/\/laultimapalabra.com.mx\/portal\/wp-json\/wp\/v2\/categories?post=42286"},{"taxonomy":"post_tag","embeddable":true,"href":"https:\/\/laultimapalabra.com.mx\/portal\/wp-json\/wp\/v2\/tags?post=42286"}],"curies":[{"name":"wp","href":"https:\/\/api.w.org\/{rel}","templated":true}]}}