                       {"id":42289,"date":"2023-06-08T13:54:52","date_gmt":"2023-06-08T19:54:52","guid":{"rendered":"https:\/\/laultimapalabra.com.mx\/portal\/?p=42289"},"modified":"2024-12-11T10:44:02","modified_gmt":"2024-12-11T16:44:02","slug":"jueza-concluyo-que-yasmin-esquivel-es-la-unica-autora-de-la-tesis-dicen-sus-abogados","status":"publish","type":"post","link":"https:\/\/laultimapalabra.com.mx\/portal\/jueza-concluyo-que-yasmin-esquivel-es-la-unica-autora-de-la-tesis-dicen-sus-abogados\/","title":{"rendered":"Jueza concluy\u00f3 que Yasm\u00edn Esquivel es la \u00fanica autora de la tesis, dicen sus abogados"},"content":{"rendered":"<p>Ciudad de M\u00e9xico.- Una Jueza de la Ciudad de M\u00e9xico determin\u00f3 esta ma\u00f1ana que la Ministra Yasm\u00edn Esquivel Mossa es la \u00fanica autora de la tesis que present\u00f3 para titularse de la licenciatura en Derecho por la Universidad Nacional Aut\u00f3noma de M\u00e9xico (UNAM).<\/p>\n<p>La defensa legal de la ministra se\u00f1al\u00f3 que la resoluci\u00f3n de la Jueza tiene un car\u00e1cter \u201cfirme y definitivo\u201d, por lo que el proceso ante el Comit\u00e9 de \u00c9tica de la UNAM debe quedar sin materia y darse por concluido de inmediato.<\/p>\n<p>De esta forma, se acredita que Esquivel Mossa es la \u201cleg\u00edtima titular de los derechos morales y patrimoniales\u201d de su tesis de licenciatura.<\/p>\n<p>El Presidente Andr\u00e9s Manuel L\u00f3pez Obrador cuestion\u00f3 la ma\u00f1ana de este jueves que la Universidad Nacional Aut\u00f3noma de M\u00e9xico (UNAM) no haya decidido si es v\u00e1lido o no el t\u00edtulo de licenciatura en Derecho de Yasm\u00edn Esquivel Mossa, Ministra de la Suprema Corte de Justicia de la Naci\u00f3n (SCJN), luego de que la Facultad de Estudios Superiores (FES) Arag\u00f3n concluyera que su tesis, presentada en 1987, es una \u201ccopia sustancial\u201d de la original, publicada en 1986 por un exalumno de la Facultad de Derecho.<\/p>\n<p>La Ministra fue acusada de plagiar su tesis de licenciatura y doctorado.<\/p>\n<p>Alejandro Romano Rasc\u00f3n, representante legal de la Ministra, se\u00f1al\u00f3 que se exhibieron las pruebas fueron dict\u00e1menes en materia de documentoscop\u00eda, grafoscop\u00eda l\u00ednea de tiempo, as\u00ed como an\u00e1lisis y hermen\u00e9utico, ling\u00fc\u00edstico, discursivo entre otras pruebas documentales.<\/p>\n<p>\u201cSe est\u00e1n ejerciendo las acciones que en este momento resultan procedentes para exhibir dicha sentencia como pruebas superveniente ante las autoridades del Comit\u00e9 de \u00c9tica de la Universidad Nacional Aut\u00f3noma de M\u00e9xico\u201d, dijo.<\/p>\n<p>\u201cEsta declaraci\u00f3n judicial firme e inatacable emitida por la autoridad jur\u00eddica competente ha resuelto que el autor de la tesis cuestionada es Yasm\u00edn Esquivel Mossa, y por tanto que ella es la leg\u00edtima titular de los derechos de autor de esta obra intelectual, por lo que nadie puede ostentarse como autor de la misma\u201d, agreg\u00f3.<\/p>\n<p>FUENTE: SIN EMBARGO MX<\/p>\n","protected":false},"excerpt":{"rendered":"<p>Ciudad de M\u00e9xico.- Una Jueza de la Ciudad de M\u00e9xico determin\u00f3 esta ma\u00f1ana que la Ministra Yasm\u00edn Esquivel Mossa es la \u00fanica autora de la tesis que present\u00f3 para titularse de la licenciatura en Derecho por la Universidad Nacional Aut\u00f3noma de M\u00e9xico (UNAM). La defensa legal de la ministra se\u00f1al\u00f3 que la resoluci\u00f3n de la [&hellip;]<\/p>\n","protected":false},"author":9,"featured_media":42290,"comment_status":"closed","ping_status":"closed","sticky":false,"template":"","format":"standard","meta":{"footnotes":""},"categories":[19],"tags":[124,7757,7756,7755,5859],"class_list":["post-42289","post","type-post","status-publish","format-standard","has-post-thumbnail","hentry","category-nacional","tag-amlo","tag-juezaconcuyequetesisesdejazmin","tag-latesisdejazmin","tag-ministra","tag-ultimas-noticias"],"_links":{"self":[{"href":"https:\/\/laultimapalabra.com.mx\/portal\/wp-json\/wp\/v2\/posts\/42289","targetHints":{"allow":["GET"]}}],"collection":[{"href":"https:\/\/laultimapalabra.com.mx\/portal\/wp-json\/wp\/v2\/posts"}],"about":[{"href":"https:\/\/laultimapalabra.com.mx\/portal\/wp-json\/wp\/v2\/types\/post"}],"author":[{"embeddable":true,"href":"https:\/\/laultimapalabra.com.mx\/portal\/wp-json\/wp\/v2\/users\/9"}],"replies":[{"embeddable":true,"href":"https:\/\/laultimapalabra.com.mx\/portal\/wp-json\/wp\/v2\/comments?post=42289"}],"version-history":[{"count":2,"href":"https:\/\/laultimapalabra.com.mx\/portal\/wp-json\/wp\/v2\/posts\/42289\/revisions"}],"predecessor-version":[{"id":83225,"href":"https:\/\/laultimapalabra.com.mx\/portal\/wp-json\/wp\/v2\/posts\/42289\/revisions\/83225"}],"wp:featuredmedia":[{"embeddable":true,"href":"https:\/\/laultimapalabra.com.mx\/portal\/wp-json\/wp\/v2\/media\/42290"}],"wp:attachment":[{"href":"https:\/\/laultimapalabra.com.mx\/portal\/wp-json\/wp\/v2\/media?parent=42289"}],"wp:term":[{"taxonomy":"category","embeddable":true,"href":"https:\/\/laultimapalabra.com.mx\/portal\/wp-json\/wp\/v2\/categories?post=42289"},{"taxonomy":"post_tag","embeddable":true,"href":"https:\/\/laultimapalabra.com.mx\/portal\/wp-json\/wp\/v2\/tags?post=42289"}],"curies":[{"name":"wp","href":"https:\/\/api.w.org\/{rel}","templated":true}]}}