                       {"id":42356,"date":"2023-06-09T16:50:23","date_gmt":"2023-06-09T22:50:23","guid":{"rendered":"https:\/\/laultimapalabra.com.mx\/portal\/?p=42356"},"modified":"2024-12-11T10:44:03","modified_gmt":"2024-12-11T16:44:03","slug":"un-muerto-y-un-lesionado-tras-derrumbe-en-acueducto-el-cuchillo-ll","status":"publish","type":"post","link":"https:\/\/laultimapalabra.com.mx\/portal\/un-muerto-y-un-lesionado-tras-derrumbe-en-acueducto-el-cuchillo-ll\/","title":{"rendered":"Un muerto y un lesionado tras derrumbe en acueducto el Cuchillo ll"},"content":{"rendered":"<p>Cadereyta Jim\u00e9nez, N.L.- La tarde de este viernes cerca de las 13:00 horas se registr\u00f3 un derrumbe de tierra en las obras del Cuchillo ll en el municipio de Cadereyta.<\/p>\n<p>&nbsp;<\/p>\n<p>&nbsp;<\/p>\n<p>&nbsp;<\/p>\n<p><img loading=\"lazy\" decoding=\"async\" class=\"alignnone size-medium wp-image-42358\" src=\"https:\/\/laultimapalabra.com.mx\/portal\/wp-content\/uploads\/2023\/06\/IMG-20230609-WA0047-300x225.jpg\" alt=\"\" width=\"300\" height=\"225\" srcset=\"https:\/\/laultimapalabra.com.mx\/portal\/wp-content\/uploads\/2023\/06\/IMG-20230609-WA0047-300x225.jpg 300w, https:\/\/laultimapalabra.com.mx\/portal\/wp-content\/uploads\/2023\/06\/IMG-20230609-WA0047-1024x768.jpg 1024w, https:\/\/laultimapalabra.com.mx\/portal\/wp-content\/uploads\/2023\/06\/IMG-20230609-WA0047-768x576.jpg 768w, https:\/\/laultimapalabra.com.mx\/portal\/wp-content\/uploads\/2023\/06\/IMG-20230609-WA0047.jpg 1280w\" sizes=\"auto, (max-width: 300px) 100vw, 300px\" \/><\/p>\n<p>El incidente se present\u00f3 en una brecha cerca del Ejido Santa Fe, a espaldas de la refiner\u00eda de Pemex.<\/p>\n<p>&nbsp;<\/p>\n<p>&nbsp;<\/p>\n<p>&nbsp;<\/p>\n<p>&nbsp;<\/p>\n<p><img loading=\"lazy\" decoding=\"async\" class=\"alignnone size-medium wp-image-42359\" src=\"https:\/\/laultimapalabra.com.mx\/portal\/wp-content\/uploads\/2023\/06\/IMG-20230609-WA0045-210x300.jpg\" alt=\"\" width=\"210\" height=\"300\" srcset=\"https:\/\/laultimapalabra.com.mx\/portal\/wp-content\/uploads\/2023\/06\/IMG-20230609-WA0045-210x300.jpg 210w, https:\/\/laultimapalabra.com.mx\/portal\/wp-content\/uploads\/2023\/06\/IMG-20230609-WA0045-718x1024.jpg 718w, https:\/\/laultimapalabra.com.mx\/portal\/wp-content\/uploads\/2023\/06\/IMG-20230609-WA0045-768x1095.jpg 768w, https:\/\/laultimapalabra.com.mx\/portal\/wp-content\/uploads\/2023\/06\/IMG-20230609-WA0045.jpg 898w\" sizes=\"auto, (max-width: 210px) 100vw, 210px\" \/><\/p>\n<p>En el lugar lamentablemente falleci\u00f3 un hombre identificado como Jorge Andres de 47 a\u00f1os de edad, adem\u00e1s result\u00f3 lesionado Gustavo Alonso de 25 a\u00f1os, quien fue trasladado al Hospital de Pemex para su atenci\u00f3n m\u00e9dica.<\/p>\n<p>Al lugar acudieron elementos Protecci\u00f3n Civil de Cadereyta, Polic\u00eda Municipal y Protecci\u00f3n Civil del Estado para iniciar las investigaciones correspondientes.<\/p>\n","protected":false},"excerpt":{"rendered":"<p>Cadereyta Jim\u00e9nez, N.L.- La tarde de este viernes cerca de las 13:00 horas se registr\u00f3 un derrumbe de tierra en las obras del Cuchillo ll en el municipio de Cadereyta. &nbsp; &nbsp; &nbsp; El incidente se present\u00f3 en una brecha cerca del Ejido Santa Fe, a espaldas de la refiner\u00eda de Pemex. &nbsp; &nbsp; &nbsp; [&hellip;]<\/p>\n","protected":false},"author":9,"featured_media":42357,"comment_status":"closed","ping_status":"closed","sticky":false,"template":"","format":"standard","meta":{"footnotes":""},"categories":[17],"tags":[7790,3840,7791,5859,7789],"class_list":["post-42356","post","type-post","status-publish","format-standard","has-post-thumbnail","hentry","category-locales-cadereyta","tag-acueducto-del-cuchillo-ll","tag-cadereyta-jimenez-nl","tag-derrumbe","tag-ultimas-noticias","tag-un-muerto-y-un-lesionado"],"_links":{"self":[{"href":"https:\/\/laultimapalabra.com.mx\/portal\/wp-json\/wp\/v2\/posts\/42356","targetHints":{"allow":["GET"]}}],"collection":[{"href":"https:\/\/laultimapalabra.com.mx\/portal\/wp-json\/wp\/v2\/posts"}],"about":[{"href":"https:\/\/laultimapalabra.com.mx\/portal\/wp-json\/wp\/v2\/types\/post"}],"author":[{"embeddable":true,"href":"https:\/\/laultimapalabra.com.mx\/portal\/wp-json\/wp\/v2\/users\/9"}],"replies":[{"embeddable":true,"href":"https:\/\/laultimapalabra.com.mx\/portal\/wp-json\/wp\/v2\/comments?post=42356"}],"version-history":[{"count":2,"href":"https:\/\/laultimapalabra.com.mx\/portal\/wp-json\/wp\/v2\/posts\/42356\/revisions"}],"predecessor-version":[{"id":83255,"href":"https:\/\/laultimapalabra.com.mx\/portal\/wp-json\/wp\/v2\/posts\/42356\/revisions\/83255"}],"wp:featuredmedia":[{"embeddable":true,"href":"https:\/\/laultimapalabra.com.mx\/portal\/wp-json\/wp\/v2\/media\/42357"}],"wp:attachment":[{"href":"https:\/\/laultimapalabra.com.mx\/portal\/wp-json\/wp\/v2\/media?parent=42356"}],"wp:term":[{"taxonomy":"category","embeddable":true,"href":"https:\/\/laultimapalabra.com.mx\/portal\/wp-json\/wp\/v2\/categories?post=42356"},{"taxonomy":"post_tag","embeddable":true,"href":"https:\/\/laultimapalabra.com.mx\/portal\/wp-json\/wp\/v2\/tags?post=42356"}],"curies":[{"name":"wp","href":"https:\/\/api.w.org\/{rel}","templated":true}]}}