                       {"id":4237,"date":"2018-10-18T23:40:34","date_gmt":"2018-10-18T23:40:34","guid":{"rendered":"http:\/\/laultimapalabra.info\/?p=4237"},"modified":"2024-12-11T08:53:19","modified_gmt":"2024-12-11T14:53:19","slug":"el-quemador-37","status":"publish","type":"post","link":"https:\/\/laultimapalabra.com.mx\/portal\/el-quemador-37\/","title":{"rendered":"El Quemador"},"content":{"rendered":"<p><img loading=\"lazy\" decoding=\"async\" class=\"size-medium wp-image-159 alignleft\" src=\"https:\/\/laultimapalabra.com.mx\/portal\/wp-content\/uploads\/2018\/02\/Banner-Caliente-copia-300x171.jpg\" alt=\"\" width=\"300\" height=\"171\" \/>Por: El Repre<\/p>\n<p style=\"text-align: justify;\">YA SE ARMO<br \/>\nIniciamos esta columneja cont\u00e1ndoles que por fin se lleg\u00f3 uno de los d\u00edas m\u00e1s esperados por todos los compitas petroleros de la Secci\u00f3n 49\u2026el de las votaciones para elegir las ternas de los representantes de cada departamento y al candidato a ocupar un puesto en el H. Comit\u00e9 Ejecutivo Local\u2026ahora si se arm\u00f3 la grande compitas, esperamos que les vaya muy bien y sobre todo que elijan a la mejor opci\u00f3n para representarlos en los pr\u00f3ximos 3 a\u00f1os!!<br \/>\nPLANILLA AZUL<br \/>\nY como ya se los dijimos la semana pasada, en esta votaci\u00f3n solo abra de un solo color, y ser\u00e1 el de la planilla azul que encabezara nuestro Secretario General Rafael Ortu\u00f1o Gonz\u00e1lez\u2026en verdad que las muestras de apoyo para el S\u00faper Faly ha sido total por lo que desde ya aun sin celebrarse la votaci\u00f3n este su Repre amigo lo declara virtual ganador de la elecci\u00f3n, obteniendo con ello la reelecci\u00f3n y el seguir al frente de la Secci\u00f3n por 3 a\u00f1os m\u00e1s!!<br \/>\nUNIDAD<br \/>\nY si algo caracterizo la dirigencia del S\u00faper Faly Ortu\u00f1o estos 3 a\u00f1os fue la unidad que existi\u00f3 hacia el interior de la Secci\u00f3n\u2026y aun cuando algunos cuantos intentaron desestabilizar y dividir nunca lo lograron\u2026sin duda la unidad es el camino al triunfo inminente de Rafael Ortu\u00f1o\u2026ya lo ver\u00e1n!!<br \/>\nLA PRESI<br \/>\nY \u00bfQui\u00e9n creen que volvi\u00f3 a perder la elecci\u00f3n de su departamento y de a feo? Pues ni m\u00e1s ni menos que la Presi Gayt\u00e1n\u2026as\u00ed es compitas el pasado mi\u00e9rcoles los el\u00e9ctricos se encargarle de darle palo a la tremenda Presi, propin\u00e1ndole apenas 15 votos de los m\u00e1s de 100 (60 para el pollito y 40 para el perrote) que fueron a sufragar\u2026de nueva cuenta volvi\u00f3 a perder la Presi, pero dice que le vale porque aun con la derrota el seguir\u00e1 en el Comit\u00e9 por 3 a\u00f1os m\u00e1s\u2026quesque porque lo que \u00e9l hace no lo hace nadie\u2026y tiene raz\u00f3n!!<br \/>\nCHON PATAS CORTAS<br \/>\nSaludos a Chon patas cortas Olvera que se la paso amenazando a los compitas apaga fuegos para que votaran por \u00e9l\u2026resulto que estos le propinaron una patada en las meras nalgas y perdi\u00f3 la elecci\u00f3n\u2026y es que el muy tontejo cre\u00eda que le iba a ganar al buen Alex Camacho, que dicho sea de paso le pego una madrina bien puesta\u2026ese Chon lo que tiene de enano lo tiene de bruto, pues que siga participando!!<br \/>\nVENTAS<br \/>\nPues las cosas est\u00e1n que arden en el escalaf\u00f3n de oficinas de Ventas\u2026y es que la elecci\u00f3n ser\u00e1 ma\u00f1ana s\u00e1bado y los votos est\u00e1n muy divididos\u2026as\u00ed es que el que gane ser\u00e1 por un margen de error peque\u00f1o\u2026por lo pronto el equipo del famoso Gato Jairo los tremendos Mimosos est\u00e1n usando todas sus estrategias para retener los votos\u2026si as\u00ed fueran pa jalar!!<br \/>\nOPERACI\u00d3N<br \/>\nY en donde todos se sorprendieron fue en el \u00e1rea de Operaci\u00f3n de Ventas\u2026y es que una planilla nueva se registr\u00f3 doble y nomas por ese detallito perdi\u00f3, no se pusieron de acuerdo y al final por un voto quedaron los mismos corruptos pero con nuevas caras\u2026que brutos en serio!!<br \/>\nHOSPITAL<br \/>\nDel hospital nos cuentan muy buenas noticias\u2026y es que as\u00ed como hemos dicho las malas pues tambi\u00e9n hay que decir las buenas\u2026la verdad que da gusto que las cosas mejoren en el Hospi, pues sin duda los m\u00e1s beneficiados son los trabajadores y sus familias\u2026s\u00edganle!!<br \/>\nQUIR\u00d3FANOS<br \/>\nY como no se va a contentar uno, si la pr\u00f3xima semana se inauguraran los quir\u00f3fanos de terapia intermedia y central de equipos del Hospi\u2026ya ven que estaban pal perro, pues ahora ser\u00e1n totalmente nuevos y funcionales\u2026cabe mencionar que la remodelaci\u00f3n de esta \u00e1rea es la primera que se hace en 34 a\u00f1os que tiene de existencia el nosocomio de Cadereyta\u2026s\u00edganle!<\/p>\n<p style=\"text-align: justify;\">DIRECTOR<br \/>\nSin duda que lo de los quir\u00f3fanos es el tema a resaltar, pero \u00faltimamente se han visto muchas mejora y cambios en el Hospital Cadereyta\u2026y pues as\u00ed como se buscan culpables cuando las cosas salen mal, hay que buscarlos cuando salen bien, y todas estas mejoras del hospital son gracias a la buena gesti\u00f3n, administraci\u00f3n y sobre todo voluntad de nuestro Director Carlitos Mendoza\u2026dice una frase que \u201chonor a quien honor merece\u201d y el Doc Carlos y su equipo de trabajo se merecen este reconocimiento\u2026ojala que el buen Carlitos siga levantando lo ca\u00eddo de nuestro Hospital que tanta falta hace!!&#8230;Arrivederchi!!<\/p>\n","protected":false},"excerpt":{"rendered":"<p>Por: El Repre YA SE ARMO Iniciamos esta columneja cont\u00e1ndoles que por fin se lleg\u00f3 uno de los d\u00edas m\u00e1s esperados por todos los compitas petroleros de la Secci\u00f3n 49\u2026el de las votaciones para elegir las ternas de los representantes de cada departamento y al candidato a ocupar un puesto en el H. Comit\u00e9 Ejecutivo [&hellip;]<\/p>\n","protected":false},"author":9,"featured_media":159,"comment_status":"open","ping_status":"closed","sticky":false,"template":"","format":"standard","meta":{"footnotes":""},"categories":[1],"tags":[942,943],"class_list":["post-4237","post","type-post","status-publish","format-standard","has-post-thumbnail","hentry","category-noticias","tag-el-quemador","tag-el-repre"],"_links":{"self":[{"href":"https:\/\/laultimapalabra.com.mx\/portal\/wp-json\/wp\/v2\/posts\/4237","targetHints":{"allow":["GET"]}}],"collection":[{"href":"https:\/\/laultimapalabra.com.mx\/portal\/wp-json\/wp\/v2\/posts"}],"about":[{"href":"https:\/\/laultimapalabra.com.mx\/portal\/wp-json\/wp\/v2\/types\/post"}],"author":[{"embeddable":true,"href":"https:\/\/laultimapalabra.com.mx\/portal\/wp-json\/wp\/v2\/users\/9"}],"replies":[{"embeddable":true,"href":"https:\/\/laultimapalabra.com.mx\/portal\/wp-json\/wp\/v2\/comments?post=4237"}],"version-history":[{"count":1,"href":"https:\/\/laultimapalabra.com.mx\/portal\/wp-json\/wp\/v2\/posts\/4237\/revisions"}],"predecessor-version":[{"id":65288,"href":"https:\/\/laultimapalabra.com.mx\/portal\/wp-json\/wp\/v2\/posts\/4237\/revisions\/65288"}],"wp:featuredmedia":[{"embeddable":true,"href":"https:\/\/laultimapalabra.com.mx\/portal\/wp-json\/"}],"wp:attachment":[{"href":"https:\/\/laultimapalabra.com.mx\/portal\/wp-json\/wp\/v2\/media?parent=4237"}],"wp:term":[{"taxonomy":"category","embeddable":true,"href":"https:\/\/laultimapalabra.com.mx\/portal\/wp-json\/wp\/v2\/categories?post=4237"},{"taxonomy":"post_tag","embeddable":true,"href":"https:\/\/laultimapalabra.com.mx\/portal\/wp-json\/wp\/v2\/tags?post=4237"}],"curies":[{"name":"wp","href":"https:\/\/api.w.org\/{rel}","templated":true}]}}