                       {"id":42393,"date":"2023-06-10T23:19:45","date_gmt":"2023-06-11T05:19:45","guid":{"rendered":"https:\/\/laultimapalabra.com.mx\/portal\/?p=42393"},"modified":"2024-12-11T10:44:03","modified_gmt":"2024-12-11T16:44:03","slug":"muere-calcinado-en-el-agarron","status":"publish","type":"post","link":"https:\/\/laultimapalabra.com.mx\/portal\/muere-calcinado-en-el-agarron\/","title":{"rendered":"Muere calcinado en &#8220;El Agarr\u00f3n&#8221;"},"content":{"rendered":"\n<p>Cadereyta Jim\u00e9nez, N.L.-Un hombre muri\u00f3 calcinado esta ma\u00f1ana, cuando \u00e9l mismo prendi\u00f3 fuego a su vivienda de madera en el predio conocido como &#8220;El Agarron&#8221;, en Cadereyta.<br>La v\u00edctima identificada como Juan \u00c1ngel Marroquin Aguirre de 48 a\u00f1os de edad, sufr\u00eda las secuelas de una embolia, por lo que no pod\u00eda valerse por si mismo.<br>Sus familiares se encontraban afuera de la vivienda, mientras que el hombre despu\u00e9s de varios intentos logr\u00f3 incendiar la vivienda, falleciendo calcinado en el sitio.<br>Servicios de Emergencia Cadereyta acudieron al llamado de la urgencia, pero ya no se pudo hacer nada para salvar al hombre quien qued\u00f3 sin vida entre las cenizas de la humilde vivienda.<\/p>\n\r\n","protected":false},"excerpt":{"rendered":"<p>Cadereyta Jim\u00e9nez, N.L.-Un hombre muri\u00f3 calcinado esta ma\u00f1ana, cuando \u00e9l mismo prendi\u00f3 fuego a su vivienda de madera en el predio conocido como &#8220;El Agarron&#8221;, en Cadereyta.La v\u00edctima identificada como Juan \u00c1ngel Marroquin Aguirre de 48 a\u00f1os de edad, sufr\u00eda las secuelas de una embolia, por lo que no pod\u00eda valerse por si mismo.Sus familiares [&hellip;]<\/p>\n","protected":false},"author":7,"featured_media":42392,"comment_status":"closed","ping_status":"closed","sticky":false,"template":"","format":"standard","meta":{"footnotes":""},"categories":[9],"tags":[4373,7801,2710],"class_list":["post-42393","post","type-post","status-publish","format-standard","has-post-thumbnail","hentry","category-seguridad-cadereyta","tag-calcinado","tag-prende-fuego-a-su-vivienda","tag-servicios-de-emergencia-cadereyta"],"_links":{"self":[{"href":"https:\/\/laultimapalabra.com.mx\/portal\/wp-json\/wp\/v2\/posts\/42393","targetHints":{"allow":["GET"]}}],"collection":[{"href":"https:\/\/laultimapalabra.com.mx\/portal\/wp-json\/wp\/v2\/posts"}],"about":[{"href":"https:\/\/laultimapalabra.com.mx\/portal\/wp-json\/wp\/v2\/types\/post"}],"author":[{"embeddable":true,"href":"https:\/\/laultimapalabra.com.mx\/portal\/wp-json\/wp\/v2\/users\/7"}],"replies":[{"embeddable":true,"href":"https:\/\/laultimapalabra.com.mx\/portal\/wp-json\/wp\/v2\/comments?post=42393"}],"version-history":[{"count":2,"href":"https:\/\/laultimapalabra.com.mx\/portal\/wp-json\/wp\/v2\/posts\/42393\/revisions"}],"predecessor-version":[{"id":83267,"href":"https:\/\/laultimapalabra.com.mx\/portal\/wp-json\/wp\/v2\/posts\/42393\/revisions\/83267"}],"wp:featuredmedia":[{"embeddable":true,"href":"https:\/\/laultimapalabra.com.mx\/portal\/wp-json\/wp\/v2\/media\/42392"}],"wp:attachment":[{"href":"https:\/\/laultimapalabra.com.mx\/portal\/wp-json\/wp\/v2\/media?parent=42393"}],"wp:term":[{"taxonomy":"category","embeddable":true,"href":"https:\/\/laultimapalabra.com.mx\/portal\/wp-json\/wp\/v2\/categories?post=42393"},{"taxonomy":"post_tag","embeddable":true,"href":"https:\/\/laultimapalabra.com.mx\/portal\/wp-json\/wp\/v2\/tags?post=42393"}],"curies":[{"name":"wp","href":"https:\/\/api.w.org\/{rel}","templated":true}]}}