                       {"id":4243,"date":"2018-10-18T23:46:40","date_gmt":"2018-10-18T23:46:40","guid":{"rendered":"http:\/\/laultimapalabra.info\/?p=4243"},"modified":"2024-12-11T08:53:19","modified_gmt":"2024-12-11T14:53:19","slug":"usted-tiene-la-ultima-palabra-36","status":"publish","type":"post","link":"https:\/\/laultimapalabra.com.mx\/portal\/usted-tiene-la-ultima-palabra-36\/","title":{"rendered":"Usted tiene&#8230;La \u00daltima Palabra"},"content":{"rendered":"<p style=\"text-align: justify;\">Caravana<\/p>\n<p style=\"text-align: justify;\"><img loading=\"lazy\" decoding=\"async\" class=\"size-medium wp-image-390 alignleft\" src=\"https:\/\/laultimapalabra.com.mx\/portal\/wp-content\/uploads\/2018\/02\/28169846_1705449459476714_78449556_o-203x300.jpg\" alt=\"\" width=\"203\" height=\"300\" \/>Por: Ing. Jes\u00fas Herrera R\u00e1bago<\/p>\n<p style=\"text-align: justify;\">La mayor\u00eda de las situaciones de la vida tienen diferentes aristas, lo cual hace muy dif\u00edcil o imposible juzgarlas s\u00f3lo bajo una lente por el riesgo de sesgar el tema de acuerdo a intereses, preferencias o experiencias personales.<br \/>\nDesde el arribo de Donald Trump al gobierno estadounidense, el tema de la migraci\u00f3n ha estado m\u00e1s en el debate por su rechazo f\u00e9rreo e incluso agresivo, el cual ha desatado toda una pol\u00e9mica al respecto.<br \/>\nEn los \u00faltimos d\u00edas, la situaci\u00f3n se ha vuelto m\u00e1s tensa por la caravana de migrantes que parti\u00f3 de San Pedro de Sula, Honduras, la cual inici\u00f3 con aproximadamente 160 migrantes y hoy, se ha multiplicado siendo m\u00e1s de 2 mil que en estos d\u00edas est\u00e1n por llegar a la frontera con M\u00e9xico.<br \/>\nQuer\u00e1moslo o no, la migraci\u00f3n es un hecho com\u00fan a lo largo de la historia de la humanidad. Para muchos, inclusive, se puede hablar de un derecho a emigrar abarcando un doble aspecto, la posibilidad de salir del propio pa\u00eds y la posibilidad de entrar en otro, en busca de mejores condiciones de vida. Sin embargo, esta migraci\u00f3n tiene que estar ordenada y reglamentada por los pa\u00edses que los reciben, para cumplir con ellos el deber de proteger el bien com\u00fan de las comunidades que acogen a los migrantes.<br \/>\nDesde esta perspectiva se convierte en algo muy dif\u00edcil y escabroso de abordar, pues implica la b\u00fasqueda del \u201cjusto medio\u201d entre el derecho que como pa\u00eds tenemos para regular los flujos migratorios y defender nuestras fronteras, como la obligaci\u00f3n de respetar la dignidad y los derechos humanos de nuestros hermanos extranjeros.<br \/>\nTan grave es tachar a todos los migrantes como criminales y traficantes de drogas, como lo hace Trump; como tan absurdo es decir que todos son gente buena y necesitada, pues es una realidad que entre los migrantes se incluyen delincuentes como los \u201cmaras\u201d.<br \/>\nIndependientemente de lo que opine Pe\u00f1a Nieto, la atenci\u00f3n est\u00e1 puesta en cu\u00e1l ser\u00e1 la postura de L\u00f3pez Obrador y Morena, de hecho ya han quien le carga a L\u00f3pez Obrador la decisi\u00f3n cuando todav\u00eda no ha asumido el poder.<br \/>\nEs dif\u00edcil saber cu\u00e1l ser\u00e1 el desenlace, hasta el d\u00eda de ayer la postura de M\u00e9xico es que solo ingresar\u00e1n quien tenga sus papeles en regla para ingresar, cuesti\u00f3n que resulta rid\u00edcula pues de antemano sabemos que son indocumentados: si los tuvieran no vinieran en caravana.<br \/>\nAs\u00ed las cosas, lo primero que tiene que hacer L\u00f3pez Obrador es dar gracias a Dios que fue un mes y medio antes de ser Presidente, porque de haber sido despu\u00e9s del primero de diciembre hubiera sido su primera gran crisis de la cual hubiera salido necesariamente raspado. Obvio que sus adversarios pol\u00edticos van a buscar cargarle todo el paquete, ante lo cual tendr\u00e1 que defenderse sacando toda su habilidad pol\u00edtica, para cuidar la relaci\u00f3n con Estados Unidos, por un lado, pero tambi\u00e9n respetando y cuidando la dignidad humana de esas personas.<br \/>\nEsta es mi opini\u00f3n, usted tiene La \u00daltima Palabra.<\/p>\n","protected":false},"excerpt":{"rendered":"<p>Caravana Por: Ing. Jes\u00fas Herrera R\u00e1bago La mayor\u00eda de las situaciones de la vida tienen diferentes aristas, lo cual hace muy dif\u00edcil o imposible juzgarlas s\u00f3lo bajo una lente por el riesgo de sesgar el tema de acuerdo a intereses, preferencias o experiencias personales. Desde el arribo de Donald Trump al gobierno estadounidense, el tema [&hellip;]<\/p>\n","protected":false},"author":9,"featured_media":390,"comment_status":"open","ping_status":"closed","sticky":false,"template":"","format":"standard","meta":{"footnotes":""},"categories":[1],"tags":[1278],"class_list":["post-4243","post","type-post","status-publish","format-standard","has-post-thumbnail","hentry","category-noticias","tag-ing-jesus-herrera-rabago"],"_links":{"self":[{"href":"https:\/\/laultimapalabra.com.mx\/portal\/wp-json\/wp\/v2\/posts\/4243","targetHints":{"allow":["GET"]}}],"collection":[{"href":"https:\/\/laultimapalabra.com.mx\/portal\/wp-json\/wp\/v2\/posts"}],"about":[{"href":"https:\/\/laultimapalabra.com.mx\/portal\/wp-json\/wp\/v2\/types\/post"}],"author":[{"embeddable":true,"href":"https:\/\/laultimapalabra.com.mx\/portal\/wp-json\/wp\/v2\/users\/9"}],"replies":[{"embeddable":true,"href":"https:\/\/laultimapalabra.com.mx\/portal\/wp-json\/wp\/v2\/comments?post=4243"}],"version-history":[{"count":1,"href":"https:\/\/laultimapalabra.com.mx\/portal\/wp-json\/wp\/v2\/posts\/4243\/revisions"}],"predecessor-version":[{"id":65294,"href":"https:\/\/laultimapalabra.com.mx\/portal\/wp-json\/wp\/v2\/posts\/4243\/revisions\/65294"}],"wp:featuredmedia":[{"embeddable":true,"href":"https:\/\/laultimapalabra.com.mx\/portal\/wp-json\/"}],"wp:attachment":[{"href":"https:\/\/laultimapalabra.com.mx\/portal\/wp-json\/wp\/v2\/media?parent=4243"}],"wp:term":[{"taxonomy":"category","embeddable":true,"href":"https:\/\/laultimapalabra.com.mx\/portal\/wp-json\/wp\/v2\/categories?post=4243"},{"taxonomy":"post_tag","embeddable":true,"href":"https:\/\/laultimapalabra.com.mx\/portal\/wp-json\/wp\/v2\/tags?post=4243"}],"curies":[{"name":"wp","href":"https:\/\/api.w.org\/{rel}","templated":true}]}}