                       {"id":42543,"date":"2023-06-14T13:58:29","date_gmt":"2023-06-14T19:58:29","guid":{"rendered":"https:\/\/laultimapalabra.com.mx\/portal\/?p=42543"},"modified":"2024-12-11T10:44:05","modified_gmt":"2024-12-11T16:44:05","slug":"aprobada-la-nueva-ley-que-reduce-municipios-y-diputaciones-en-el-salvador","status":"publish","type":"post","link":"https:\/\/laultimapalabra.com.mx\/portal\/aprobada-la-nueva-ley-que-reduce-municipios-y-diputaciones-en-el-salvador\/","title":{"rendered":"Aprobada la nueva Ley que reduce Municipios y Diputaciones en El Salvador"},"content":{"rendered":"<p>El Salvador.- Los diputados del partido oficialista en la Asamblea Legislativa, Nuevas Ideas (NI), y sus aliados aprobaron la noche de ayer martes, reducir el n\u00famero de municipios de El Salvador de 252 a 44, como parte de una propuesta presentada por el presidente Nayib Bukele.<\/p>\n<p>La Ley Especial para la Reestructuraci\u00f3n Municipal, que contiene 13 art\u00edculos y entrar\u00e1 en vigencia a partir del 1 de mayo de 2024, fue aprobada con los votos de 67 de 84 parlamentarios en el Congreso.<\/p>\n<p>Votaron en contra de la normativa los diputados de los partidos opositores Alianza Republicana Nacionalista (Arena), el Frente Farabundo Mart\u00ed para la Liberaci\u00f3n Nacional (FMLN) y Nuestro Tiempo y Vamos.<\/p>\n<p>De acuerdo con el dictamen le\u00eddo durante la sesi\u00f3n plenaria, con la reducci\u00f3n de los municipios se fortalece la institucionalidad, se elimina la burocracia, se combate la corrupci\u00f3n y el despilfarro de fondos p\u00fablicos.<\/p>\n<p>Adem\u00e1s, seg\u00fan el documento, se generar\u00e1 un considerable ahorro para el Estado de hasta 750 millones de d\u00f3lares.<\/p>\n<p>Con la reducci\u00f3n, los municipios pasar\u00e1n a ser distritos municipales (262) que integrar\u00e1n los 44 municipios divididos en los ya establecidos 14 departamentos.<\/p>\n<p>40 de las 44 localidades estar\u00e1n dirigidas, cada una, por un concejo municipal integrado por 10 miembros.<\/p>\n<p>Las dem\u00e1s (4), ser\u00e1n dirigidos por concejos municipales de entre 14 y 16 miembros.<\/p>\n<p>De acuerdo con el presidente de la Asamblea Legislativa, Ernesto Castro, este cambi\u00f3 &#8220;no afectar\u00e1 el calendario electoral&#8221; de 2024, cuando se votar\u00e1 por concejos municipales.<\/p>\n<p>El presidente Bukele pidi\u00f3 a los diputados, en el marco de su discurso de cuarto a\u00f1o de Gobierno el pasado 1 de junio, que aprueben esta reforma antes de los comicios de 2024.<\/p>\n<p>El mandatario asegur\u00f3 que muchos alcaldes s\u00f3lo se dedican a robar o ven qu\u00e9 beneficio personal sacan de los recursos de la gente.<\/p>\n<p>Sin embargo, diversos analistas han se\u00f1alado que esto responde a intereses electorales del Ejecutivo y del partido oficialista Nuevas Ideas.<\/p>\n<p>&#8220;Lo que nosotros analizamos de la intenci\u00f3n de reducir el n\u00famero de municipios y diputados es que responde a un c\u00e1lculo electoral, a una proyecci\u00f3n electoral de parte del partido oficial y del presidente&#8221;, dijo a la agencia EFE Eduardo Escobar, director de la organizaci\u00f3n Acci\u00f3n Ciudadana.<\/p>\n<p>A\u00f1adi\u00f3 que, a su juicio, esto buscar\u00eda &#8220;generar las condiciones para que el partido Nuevas Ideas obtenga o retenga la mayor\u00eda en la Asamblea Legislativa y tambi\u00e9n obtenga el mayor n\u00famero de concejos municipales para mantener el control del territorio&#8221;.<\/p>\n<p>Escobar subray\u00f3 que la reducci\u00f3n de los municipios buscar\u00eda contrarrestar el &#8220;descontento de la gente con la gesti\u00f3n municipal que ha sido deficiente en algunos casos y que le significar\u00eda perder municipios, o sea perder poder y eso no lo permite la narrativa del Gobierno&#8221;.<\/p>\n<p>FUENTE: DW NOTICIAS<\/p>\n","protected":false},"excerpt":{"rendered":"<p>El Salvador.- Los diputados del partido oficialista en la Asamblea Legislativa, Nuevas Ideas (NI), y sus aliados aprobaron la noche de ayer martes, reducir el n\u00famero de municipios de El Salvador de 252 a 44, como parte de una propuesta presentada por el presidente Nayib Bukele. La Ley Especial para la Reestructuraci\u00f3n Municipal, que contiene [&hellip;]<\/p>\n","protected":false},"author":9,"featured_media":42544,"comment_status":"closed","ping_status":"closed","sticky":false,"template":"","format":"standard","meta":{"footnotes":""},"categories":[16],"tags":[7873,7874,7871,7872,5859],"class_list":["post-42543","post","type-post","status-publish","format-standard","has-post-thumbnail","hentry","category-internacional","tag-elsalvador","tag-nayibbukele","tag-nuevaley","tag-reducciondemunicipiosydiputaciones","tag-ultimas-noticias"],"_links":{"self":[{"href":"https:\/\/laultimapalabra.com.mx\/portal\/wp-json\/wp\/v2\/posts\/42543","targetHints":{"allow":["GET"]}}],"collection":[{"href":"https:\/\/laultimapalabra.com.mx\/portal\/wp-json\/wp\/v2\/posts"}],"about":[{"href":"https:\/\/laultimapalabra.com.mx\/portal\/wp-json\/wp\/v2\/types\/post"}],"author":[{"embeddable":true,"href":"https:\/\/laultimapalabra.com.mx\/portal\/wp-json\/wp\/v2\/users\/9"}],"replies":[{"embeddable":true,"href":"https:\/\/laultimapalabra.com.mx\/portal\/wp-json\/wp\/v2\/comments?post=42543"}],"version-history":[{"count":2,"href":"https:\/\/laultimapalabra.com.mx\/portal\/wp-json\/wp\/v2\/posts\/42543\/revisions"}],"predecessor-version":[{"id":83341,"href":"https:\/\/laultimapalabra.com.mx\/portal\/wp-json\/wp\/v2\/posts\/42543\/revisions\/83341"}],"wp:featuredmedia":[{"embeddable":true,"href":"https:\/\/laultimapalabra.com.mx\/portal\/wp-json\/wp\/v2\/media\/42544"}],"wp:attachment":[{"href":"https:\/\/laultimapalabra.com.mx\/portal\/wp-json\/wp\/v2\/media?parent=42543"}],"wp:term":[{"taxonomy":"category","embeddable":true,"href":"https:\/\/laultimapalabra.com.mx\/portal\/wp-json\/wp\/v2\/categories?post=42543"},{"taxonomy":"post_tag","embeddable":true,"href":"https:\/\/laultimapalabra.com.mx\/portal\/wp-json\/wp\/v2\/tags?post=42543"}],"curies":[{"name":"wp","href":"https:\/\/api.w.org\/{rel}","templated":true}]}}