                       {"id":42729,"date":"2023-06-19T00:03:38","date_gmt":"2023-06-19T06:03:38","guid":{"rendered":"https:\/\/laultimapalabra.com.mx\/portal\/?p=42729"},"modified":"2024-12-11T10:44:08","modified_gmt":"2024-12-11T16:44:08","slug":"festejan-155-aniversario-de-juarez","status":"publish","type":"post","link":"https:\/\/laultimapalabra.com.mx\/portal\/festejan-155-aniversario-de-juarez\/","title":{"rendered":"Festejan 155 Aniversario de Ju\u00e1rez"},"content":{"rendered":"\n<p>Ju\u00e1rez, N.L.- Con solemnidad y colorido, los juarenses disfrutaron el festejo por el CLV Aniversario del inicio independiente de Ju\u00e1rez como municipio libre.<br \/>Con una sesi\u00f3n solemne de cabildo, presidida por el alcalde Francisco H\u00e9ctor Trevi\u00f1o Cant\u00fa, arrancaron la celebraci\u00f3n de m\u00e1s de siglo y medio de la creaci\u00f3n como Villa de Ju\u00e1rez en el a\u00f1o 1868.<br \/>La plaza principal se llen\u00f3 de algarab\u00eda con presentaciones art\u00edsticas, de danza folcl\u00f3rica y eventos de entretenimiento que disfrutaron chicos y grandes.<br \/>Un gigantesco pastel fue repartido entre todos los asistentes que participaron en la fiesta, de la que el alcalde juarense y su esposa anunciaron su repetici\u00f3n el pr\u00f3ximo a\u00f1o.<\/p>\n\r\n","protected":false},"excerpt":{"rendered":"<p>Ju\u00e1rez, N.L.- Con solemnidad y colorido, los juarenses disfrutaron el festejo por el CLV Aniversario del inicio independiente de Ju\u00e1rez como municipio libre.Con una sesi\u00f3n solemne de cabildo, presidida por el alcalde Francisco H\u00e9ctor Trevi\u00f1o Cant\u00fa, arrancaron la celebraci\u00f3n de m\u00e1s de siglo y medio de la creaci\u00f3n como Villa de Ju\u00e1rez en el a\u00f1o [&hellip;]<\/p>\n","protected":false},"author":7,"featured_media":42728,"comment_status":"closed","ping_status":"closed","sticky":false,"template":"","format":"standard","meta":{"footnotes":""},"categories":[18],"tags":[7948,7119,1684],"class_list":["post-42729","post","type-post","status-publish","format-standard","has-post-thumbnail","hentry","category-locales-juarez","tag-155-aniversario-de-juarez","tag-festejos","tag-paco-trevino"],"_links":{"self":[{"href":"https:\/\/laultimapalabra.com.mx\/portal\/wp-json\/wp\/v2\/posts\/42729","targetHints":{"allow":["GET"]}}],"collection":[{"href":"https:\/\/laultimapalabra.com.mx\/portal\/wp-json\/wp\/v2\/posts"}],"about":[{"href":"https:\/\/laultimapalabra.com.mx\/portal\/wp-json\/wp\/v2\/types\/post"}],"author":[{"embeddable":true,"href":"https:\/\/laultimapalabra.com.mx\/portal\/wp-json\/wp\/v2\/users\/7"}],"replies":[{"embeddable":true,"href":"https:\/\/laultimapalabra.com.mx\/portal\/wp-json\/wp\/v2\/comments?post=42729"}],"version-history":[{"count":2,"href":"https:\/\/laultimapalabra.com.mx\/portal\/wp-json\/wp\/v2\/posts\/42729\/revisions"}],"predecessor-version":[{"id":83433,"href":"https:\/\/laultimapalabra.com.mx\/portal\/wp-json\/wp\/v2\/posts\/42729\/revisions\/83433"}],"wp:featuredmedia":[{"embeddable":true,"href":"https:\/\/laultimapalabra.com.mx\/portal\/wp-json\/wp\/v2\/media\/42728"}],"wp:attachment":[{"href":"https:\/\/laultimapalabra.com.mx\/portal\/wp-json\/wp\/v2\/media?parent=42729"}],"wp:term":[{"taxonomy":"category","embeddable":true,"href":"https:\/\/laultimapalabra.com.mx\/portal\/wp-json\/wp\/v2\/categories?post=42729"},{"taxonomy":"post_tag","embeddable":true,"href":"https:\/\/laultimapalabra.com.mx\/portal\/wp-json\/wp\/v2\/tags?post=42729"}],"curies":[{"name":"wp","href":"https:\/\/api.w.org\/{rel}","templated":true}]}}