                       {"id":42762,"date":"2023-06-19T15:37:06","date_gmt":"2023-06-19T21:37:06","guid":{"rendered":"https:\/\/laultimapalabra.com.mx\/portal\/?p=42762"},"modified":"2024-12-11T10:44:08","modified_gmt":"2024-12-11T16:44:08","slug":"amlo-nombra-a-luisa-maria-alcalde-como-secretaria-de-gobernacion","status":"publish","type":"post","link":"https:\/\/laultimapalabra.com.mx\/portal\/amlo-nombra-a-luisa-maria-alcalde-como-secretaria-de-gobernacion\/","title":{"rendered":"AMLO nombra a Luisa Mar\u00eda Alcalde como secretaria de Gobernaci\u00f3n"},"content":{"rendered":"<p>CDMX.- El presidente Andr\u00e9s Manuel L\u00f3pez Obrador di\u00f3 a conocer que Luisa Mar\u00eda Alcalde ser\u00e1 la nueva titular de la Secretar\u00eda de Gobernaci\u00f3n, tras la renuncia de Ad\u00e1n Augusto L\u00f3pez Hern\u00e1ndez.<\/p>\n<p>&#8220;Les voy a dar a conocer y desde luego al pueblo de M\u00e9xico que he tomado la decisi\u00f3n de nombrar, de acuerdo con mis facultades como Secretaria de Gobernaci\u00f3n a Luisa Mar\u00eda Alcalde, actual secretaria de Trabajo. Ella va a ser la secretaria de gobernaci\u00f3n en sustituci\u00f3n de Ad\u00e1n L\u00f3pez Hern\u00e1ndez que est\u00e1 en un asunto&#8221;, explic\u00f3 en la conferencia de prensa matutina.<\/p>\n<p>Alcalde es la tercera persona en ocupar la Secretar\u00eda de Gobernaci\u00f3n durante el sexenio de L\u00f3pez Obrador, pues en los primeros tres a\u00f1os del gobierno estuvo Olga S\u00e1nchez Cordero y desde agosto de 2021, Ad\u00e1n Augusto L\u00f3pez fue titular de Segob.<\/p>\n<p>&#8220;(Luisa Mar\u00eda Alcalde es joven), es muy importante pensar en el relevo generacional, darle oportunidad a los j\u00f3venes, adem\u00e1s Luisa Mar\u00eda es abogada, ya fue legisladora, (hizo) muy buen trabajo en la Secretar\u00eda del Trabajo, con ella se consigui\u00f3 para que aumentaran los salarios, los salarios m\u00ednimos&#8221;, explic\u00f3.<\/p>\n<p>L\u00f3pez Obrador prev\u00e9 que a mediados de la semana Alcalde comenzar\u00e1 a ponerse de acuerdo con Alejandro Encinas, quien qued\u00f3 como el encargado de despacho de la Secretar\u00eda de Gobernaci\u00f3n.<\/p>\n<p>Pese a ser el tercer cambio en dicha dependencia durante el gobierno de L\u00f3pez Obrador, el sexenio de Felipe Calder\u00f3n fue el que registr\u00f3 m\u00e1s movimientos en el titular de Segob.<\/p>\n<p>Fuente:Milenio<\/p>\n","protected":false},"excerpt":{"rendered":"<p>CDMX.- El presidente Andr\u00e9s Manuel L\u00f3pez Obrador di\u00f3 a conocer que Luisa Mar\u00eda Alcalde ser\u00e1 la nueva titular de la Secretar\u00eda de Gobernaci\u00f3n, tras la renuncia de Ad\u00e1n Augusto L\u00f3pez Hern\u00e1ndez. &#8220;Les voy a dar a conocer y desde luego al pueblo de M\u00e9xico que he tomado la decisi\u00f3n de nombrar, de acuerdo con mis [&hellip;]<\/p>\n","protected":false},"author":9,"featured_media":42763,"comment_status":"closed","ping_status":"closed","sticky":false,"template":"","format":"standard","meta":{"footnotes":""},"categories":[19],"tags":[124,7959,7958,5859],"class_list":["post-42762","post","type-post","status-publish","format-standard","has-post-thumbnail","hentry","category-nacional","tag-amlo","tag-la-nombra-secretaria-de-gobierno","tag-luisa-maria","tag-ultimas-noticias"],"_links":{"self":[{"href":"https:\/\/laultimapalabra.com.mx\/portal\/wp-json\/wp\/v2\/posts\/42762","targetHints":{"allow":["GET"]}}],"collection":[{"href":"https:\/\/laultimapalabra.com.mx\/portal\/wp-json\/wp\/v2\/posts"}],"about":[{"href":"https:\/\/laultimapalabra.com.mx\/portal\/wp-json\/wp\/v2\/types\/post"}],"author":[{"embeddable":true,"href":"https:\/\/laultimapalabra.com.mx\/portal\/wp-json\/wp\/v2\/users\/9"}],"replies":[{"embeddable":true,"href":"https:\/\/laultimapalabra.com.mx\/portal\/wp-json\/wp\/v2\/comments?post=42762"}],"version-history":[{"count":2,"href":"https:\/\/laultimapalabra.com.mx\/portal\/wp-json\/wp\/v2\/posts\/42762\/revisions"}],"predecessor-version":[{"id":83445,"href":"https:\/\/laultimapalabra.com.mx\/portal\/wp-json\/wp\/v2\/posts\/42762\/revisions\/83445"}],"wp:featuredmedia":[{"embeddable":true,"href":"https:\/\/laultimapalabra.com.mx\/portal\/wp-json\/wp\/v2\/media\/42763"}],"wp:attachment":[{"href":"https:\/\/laultimapalabra.com.mx\/portal\/wp-json\/wp\/v2\/media?parent=42762"}],"wp:term":[{"taxonomy":"category","embeddable":true,"href":"https:\/\/laultimapalabra.com.mx\/portal\/wp-json\/wp\/v2\/categories?post=42762"},{"taxonomy":"post_tag","embeddable":true,"href":"https:\/\/laultimapalabra.com.mx\/portal\/wp-json\/wp\/v2\/tags?post=42762"}],"curies":[{"name":"wp","href":"https:\/\/api.w.org\/{rel}","templated":true}]}}