                       {"id":42817,"date":"2023-06-21T11:37:18","date_gmt":"2023-06-21T17:37:18","guid":{"rendered":"https:\/\/laultimapalabra.com.mx\/portal\/?p=42817"},"modified":"2024-12-11T10:44:08","modified_gmt":"2024-12-11T16:44:08","slug":"cero-politiqueria-amlo-pide-a-corcholatas-evitar-propaganda-y-porras-el-1-de-julio-en-el-zocalo","status":"publish","type":"post","link":"https:\/\/laultimapalabra.com.mx\/portal\/cero-politiqueria-amlo-pide-a-corcholatas-evitar-propaganda-y-porras-el-1-de-julio-en-el-zocalo\/","title":{"rendered":"\u201c\u00a1Cero politiquer\u00eda!\u201d: AMLO pide a &#8220;corcholatas&#8221; evitar propaganda y porras el 1 de julio en el Z\u00f3calo"},"content":{"rendered":"<p>CDMX.- Al manifestar \u201c\u00a1Cero politiquer\u00eda!\u201d, el presidente Andr\u00e9s Manuel L\u00f3pez Obrador exhort\u00f3 a los aspirantes por la candidatura presidencial de Morena a evitar actos de propaganda, ni llevar porras el pr\u00f3ximo 1 de julio en el Z\u00f3calo de la Ciudad de M\u00e9xico para festejar 5 a\u00f1os de su triunfo electoral.<\/p>\n<p>Adelant\u00f3 que los seis aspirantes est\u00e1n invitados al festejo, pero les advirti\u00f3 que no estar\u00e1n en el templete, pues en \u00e9l s\u00f3lo estar\u00e1n los integrantes del Gabinete Legal y Ampliado.<\/p>\n<p>El Mandatario federal tambi\u00e9n les pidi\u00f3 en conferencia de prensa a los simpatizantes de los aspirantes que no les falten al respeto a nadie, ni aplaudir o abuchear pues indic\u00f3 que se busca conmemorar el triunfo electoral de su movimiento en las elecciones de 2018.<\/p>\n<p>Al preguntarle si invitar\u00e1 a los aspirantes presidenciales, el Mandatario respondi\u00f3: \u201cEst\u00e1n invitados todos, nada m\u00e1s qu\u00e9 \u00a1Cero politiquer\u00eda! Todos como ciudadanos, nada m\u00e1s no van a estar desde luego en el templete ah\u00ed nada m\u00e1s el gabinete, pero si quieren ir como ciudadanos adelante, sobre todo me dirigi\u00f3 a los simpatizantes militantes de la transformaci\u00f3n que son muy responsables y tambi\u00e9n a los que est\u00e1n participando, no vayan a salir con aplausos y `\u00e9ste s\u00ed y \u00e9ste no\u00b4. Vale m\u00e1s que se entienda\u201d.<\/p>\n<p>En Palacio Nacional, el Mandatario federal se\u00f1al\u00f3 que su movimiento lucha por ideales, por principios y recalc\u00f3 que el 1 de julio lo que se busca conmemorar es que en M\u00e9xico se est\u00e1 llevando a cabo una transformaci\u00f3n profunda.<\/p>\n<p>FUENTE: EL UNIVERSAL<\/p>\n","protected":false},"excerpt":{"rendered":"<p>CDMX.- Al manifestar \u201c\u00a1Cero politiquer\u00eda!\u201d, el presidente Andr\u00e9s Manuel L\u00f3pez Obrador exhort\u00f3 a los aspirantes por la candidatura presidencial de Morena a evitar actos de propaganda, ni llevar porras el pr\u00f3ximo 1 de julio en el Z\u00f3calo de la Ciudad de M\u00e9xico para festejar 5 a\u00f1os de su triunfo electoral. Adelant\u00f3 que los seis aspirantes [&hellip;]<\/p>\n","protected":false},"author":9,"featured_media":42818,"comment_status":"closed","ping_status":"closed","sticky":false,"template":"","format":"standard","meta":{"footnotes":""},"categories":[19],"tags":[124,7975,7976,5859],"class_list":["post-42817","post","type-post","status-publish","format-standard","has-post-thumbnail","hentry","category-nacional","tag-amlo","tag-cero-politiqueria","tag-pide-a-corcholatas-evitar-propagandas","tag-ultimas-noticias"],"_links":{"self":[{"href":"https:\/\/laultimapalabra.com.mx\/portal\/wp-json\/wp\/v2\/posts\/42817","targetHints":{"allow":["GET"]}}],"collection":[{"href":"https:\/\/laultimapalabra.com.mx\/portal\/wp-json\/wp\/v2\/posts"}],"about":[{"href":"https:\/\/laultimapalabra.com.mx\/portal\/wp-json\/wp\/v2\/types\/post"}],"author":[{"embeddable":true,"href":"https:\/\/laultimapalabra.com.mx\/portal\/wp-json\/wp\/v2\/users\/9"}],"replies":[{"embeddable":true,"href":"https:\/\/laultimapalabra.com.mx\/portal\/wp-json\/wp\/v2\/comments?post=42817"}],"version-history":[{"count":2,"href":"https:\/\/laultimapalabra.com.mx\/portal\/wp-json\/wp\/v2\/posts\/42817\/revisions"}],"predecessor-version":[{"id":83471,"href":"https:\/\/laultimapalabra.com.mx\/portal\/wp-json\/wp\/v2\/posts\/42817\/revisions\/83471"}],"wp:featuredmedia":[{"embeddable":true,"href":"https:\/\/laultimapalabra.com.mx\/portal\/wp-json\/wp\/v2\/media\/42818"}],"wp:attachment":[{"href":"https:\/\/laultimapalabra.com.mx\/portal\/wp-json\/wp\/v2\/media?parent=42817"}],"wp:term":[{"taxonomy":"category","embeddable":true,"href":"https:\/\/laultimapalabra.com.mx\/portal\/wp-json\/wp\/v2\/categories?post=42817"},{"taxonomy":"post_tag","embeddable":true,"href":"https:\/\/laultimapalabra.com.mx\/portal\/wp-json\/wp\/v2\/tags?post=42817"}],"curies":[{"name":"wp","href":"https:\/\/api.w.org\/{rel}","templated":true}]}}