                       {"id":42856,"date":"2023-06-22T11:03:52","date_gmt":"2023-06-22T17:03:52","guid":{"rendered":"https:\/\/laultimapalabra.com.mx\/portal\/?p=42856"},"modified":"2024-12-11T10:44:09","modified_gmt":"2024-12-11T16:44:09","slug":"una-invasion-proyecto-de-scjn-sobre-plan-b-amlo","status":"publish","type":"post","link":"https:\/\/laultimapalabra.com.mx\/portal\/una-invasion-proyecto-de-scjn-sobre-plan-b-amlo\/","title":{"rendered":"Una invasi\u00f3n, proyecto de SCJN sobre &#8216;Plan B&#8217;: AMLO"},"content":{"rendered":"<p>CDMX.- El presidente Andr\u00e9s Manuel L\u00f3pez Obrador sostuvo que es una \u201cinvasi\u00f3n\u201d el proyecto del ministro de la Suprema Corte de Justicia de la Naci\u00f3n (SCJN), Javier Laynez Potisek, que busca invalidar la segunda parte de las reformas electorales, conocidas como \u201cPlan B\u201d electoral,<\/p>\n<p>\u201cConsidero que es una invasi\u00f3n, una intromisi\u00f3n al Poder Legislativo; le van a corregir la plana\u201d, declar\u00f3 este jueves durante su conferencia de prensa matutina en Palacio Nacional.<\/p>\n<p>El mandatario argument\u00f3 que el proyecto que se presentar\u00e1 \u201cni siquiera va al fondo, se queda en la forma\u201d<\/p>\n<p>\u201cEst\u00e1n argumentando que la ley no se discuti\u00f3 en el Congreso, no se discuti\u00f3 lo suficiente cuando s\u00ed se discuti\u00f3 y adem\u00e1s el bloque conservador en el congreso no quiso ni siquiera participar en nada, por eso van a anular la ley electoral\u201d, sentenci\u00f3.<\/p>\n<p>Esta semana se di\u00f3 a conocer que el ministro de la SCJN, Javier Laynez Potisek, propondr\u00e1 este jueves al Pleno invalidar la segunda parte de dichas reformas electorales, conocidas como \u201cPlan B\u201d electoral, por considerar que se cometieron violaciones graves al procedimiento legislativo para su aprobaci\u00f3n.<\/p>\n<p>&nbsp;<\/p>\n<p>Fuente: Infobae<\/p>\n","protected":false},"excerpt":{"rendered":"<p>CDMX.- El presidente Andr\u00e9s Manuel L\u00f3pez Obrador sostuvo que es una \u201cinvasi\u00f3n\u201d el proyecto del ministro de la Suprema Corte de Justicia de la Naci\u00f3n (SCJN), Javier Laynez Potisek, que busca invalidar la segunda parte de las reformas electorales, conocidas como \u201cPlan B\u201d electoral, \u201cConsidero que es una invasi\u00f3n, una intromisi\u00f3n al Poder Legislativo; le [&hellip;]<\/p>\n","protected":false},"author":9,"featured_media":42857,"comment_status":"closed","ping_status":"closed","sticky":false,"template":"","format":"standard","meta":{"footnotes":""},"categories":[19],"tags":[124,7994,7995,5859],"class_list":["post-42856","post","type-post","status-publish","format-standard","has-post-thumbnail","hentry","category-nacional","tag-amlo","tag-proyecto-scjn","tag-sobre-plan-b","tag-ultimas-noticias"],"_links":{"self":[{"href":"https:\/\/laultimapalabra.com.mx\/portal\/wp-json\/wp\/v2\/posts\/42856","targetHints":{"allow":["GET"]}}],"collection":[{"href":"https:\/\/laultimapalabra.com.mx\/portal\/wp-json\/wp\/v2\/posts"}],"about":[{"href":"https:\/\/laultimapalabra.com.mx\/portal\/wp-json\/wp\/v2\/types\/post"}],"author":[{"embeddable":true,"href":"https:\/\/laultimapalabra.com.mx\/portal\/wp-json\/wp\/v2\/users\/9"}],"replies":[{"embeddable":true,"href":"https:\/\/laultimapalabra.com.mx\/portal\/wp-json\/wp\/v2\/comments?post=42856"}],"version-history":[{"count":2,"href":"https:\/\/laultimapalabra.com.mx\/portal\/wp-json\/wp\/v2\/posts\/42856\/revisions"}],"predecessor-version":[{"id":83495,"href":"https:\/\/laultimapalabra.com.mx\/portal\/wp-json\/wp\/v2\/posts\/42856\/revisions\/83495"}],"wp:featuredmedia":[{"embeddable":true,"href":"https:\/\/laultimapalabra.com.mx\/portal\/wp-json\/wp\/v2\/media\/42857"}],"wp:attachment":[{"href":"https:\/\/laultimapalabra.com.mx\/portal\/wp-json\/wp\/v2\/media?parent=42856"}],"wp:term":[{"taxonomy":"category","embeddable":true,"href":"https:\/\/laultimapalabra.com.mx\/portal\/wp-json\/wp\/v2\/categories?post=42856"},{"taxonomy":"post_tag","embeddable":true,"href":"https:\/\/laultimapalabra.com.mx\/portal\/wp-json\/wp\/v2\/tags?post=42856"}],"curies":[{"name":"wp","href":"https:\/\/api.w.org\/{rel}","templated":true}]}}