                       {"id":42966,"date":"2023-06-25T08:09:44","date_gmt":"2023-06-25T14:09:44","guid":{"rendered":"https:\/\/laultimapalabra.com.mx\/portal\/?p=42966"},"modified":"2024-12-11T10:44:10","modified_gmt":"2024-12-11T16:44:10","slug":"deja-tres-personas-lesionadas-choque-frontal","status":"publish","type":"post","link":"https:\/\/laultimapalabra.com.mx\/portal\/deja-tres-personas-lesionadas-choque-frontal\/","title":{"rendered":"Deja tres personas lesionadas choque frontal"},"content":{"rendered":"\n<p>Cadereyta Jim\u00e9nez, N.L.-Un choque frontal dej\u00f3 como saldo al menos tres personas lesionadas, en el municipio de Cadereyta.<br \/>El aparatoso percance se registr\u00f3 la madrugada de este domingo, en la carretera El Castillo-La Boca aproximadamente en el kil\u00f3metro 03 a la altura del rancho &#8220;El Tesoro&#8221;.<br \/>Presuntamente el conductor de un veh\u00edculo de alquiler tipo Versa, invadi\u00f3 carril por lo que impact\u00f3 de frente a una camioneta Saturn en color guindo.<br \/>En el lugar quedaron heridos sobre el pavimento dos hombres quienes viajaban en el taxi, adem\u00e1s result\u00f3 lesionada una mujer de este mismo auto, por lo que param\u00e9dicos de Servicios de Emergencia Cadereyta los trasladaron hacia una cl\u00ednica.<br \/>Elementos de Vialidad y Tr\u00e1nsito abanderaron el sitio mientras realizaban las indagatorias correspondientes para dejar el dictamen a disposici\u00f3n del Ministerio P\u00fablico.<\/p>\n\n\n\n<figure class=\"wp-block-image size-large\"><img loading=\"lazy\" decoding=\"async\" width=\"1024\" height=\"768\" src=\"https:\/\/laultimapalabra.com.mx\/portal\/wp-content\/uploads\/2023\/06\/IMG-20230625-WA0003-1024x768.jpg\" alt=\"\" class=\"wp-image-42965\" srcset=\"https:\/\/laultimapalabra.com.mx\/portal\/wp-content\/uploads\/2023\/06\/IMG-20230625-WA0003-1024x768.jpg 1024w, https:\/\/laultimapalabra.com.mx\/portal\/wp-content\/uploads\/2023\/06\/IMG-20230625-WA0003-300x225.jpg 300w, https:\/\/laultimapalabra.com.mx\/portal\/wp-content\/uploads\/2023\/06\/IMG-20230625-WA0003-768x576.jpg 768w, https:\/\/laultimapalabra.com.mx\/portal\/wp-content\/uploads\/2023\/06\/IMG-20230625-WA0003.jpg 1080w\" sizes=\"auto, (max-width: 1024px) 100vw, 1024px\" \/><\/figure>\n\n\n\n<figure class=\"wp-block-image\"><img loading=\"lazy\" decoding=\"async\" width=\"1024\" height=\"768\" src=\"https:\/\/laultimapalabra.com.mx\/portal\/wp-content\/uploads\/2023\/06\/IMG-20230625-WA0002-1024x768.jpg\" alt=\"\" class=\"wp-image-42964\" srcset=\"https:\/\/laultimapalabra.com.mx\/portal\/wp-content\/uploads\/2023\/06\/IMG-20230625-WA0002-1024x768.jpg 1024w, https:\/\/laultimapalabra.com.mx\/portal\/wp-content\/uploads\/2023\/06\/IMG-20230625-WA0002-300x225.jpg 300w, https:\/\/laultimapalabra.com.mx\/portal\/wp-content\/uploads\/2023\/06\/IMG-20230625-WA0002-768x576.jpg 768w, https:\/\/laultimapalabra.com.mx\/portal\/wp-content\/uploads\/2023\/06\/IMG-20230625-WA0002.jpg 1080w\" sizes=\"auto, (max-width: 1024px) 100vw, 1024px\" \/><\/figure>\n\r\n","protected":false},"excerpt":{"rendered":"<p>Cadereyta Jim\u00e9nez, N.L.-Un choque frontal dej\u00f3 como saldo al menos tres personas lesionadas, en el municipio de Cadereyta.El aparatoso percance se registr\u00f3 la madrugada de este domingo, en la carretera El Castillo-La Boca aproximadamente en el kil\u00f3metro 03 a la altura del rancho &#8220;El Tesoro&#8221;.Presuntamente el conductor de un veh\u00edculo de alquiler tipo Versa, invadi\u00f3 [&hellip;]<\/p>\n","protected":false},"author":7,"featured_media":42963,"comment_status":"closed","ping_status":"closed","sticky":false,"template":"","format":"standard","meta":{"footnotes":""},"categories":[9],"tags":[2600,541,4315,8031,8030],"class_list":["post-42966","post","type-post","status-publish","format-standard","has-post-thumbnail","hentry","category-seguridad-cadereyta","tag-cadereyta","tag-choque","tag-lesionados","tag-paramedicos-de-servicio-de-cadereyta","tag-vialidad-y-transilto"],"_links":{"self":[{"href":"https:\/\/laultimapalabra.com.mx\/portal\/wp-json\/wp\/v2\/posts\/42966","targetHints":{"allow":["GET"]}}],"collection":[{"href":"https:\/\/laultimapalabra.com.mx\/portal\/wp-json\/wp\/v2\/posts"}],"about":[{"href":"https:\/\/laultimapalabra.com.mx\/portal\/wp-json\/wp\/v2\/types\/post"}],"author":[{"embeddable":true,"href":"https:\/\/laultimapalabra.com.mx\/portal\/wp-json\/wp\/v2\/users\/7"}],"replies":[{"embeddable":true,"href":"https:\/\/laultimapalabra.com.mx\/portal\/wp-json\/wp\/v2\/comments?post=42966"}],"version-history":[{"count":2,"href":"https:\/\/laultimapalabra.com.mx\/portal\/wp-json\/wp\/v2\/posts\/42966\/revisions"}],"predecessor-version":[{"id":83549,"href":"https:\/\/laultimapalabra.com.mx\/portal\/wp-json\/wp\/v2\/posts\/42966\/revisions\/83549"}],"wp:featuredmedia":[{"embeddable":true,"href":"https:\/\/laultimapalabra.com.mx\/portal\/wp-json\/wp\/v2\/media\/42963"}],"wp:attachment":[{"href":"https:\/\/laultimapalabra.com.mx\/portal\/wp-json\/wp\/v2\/media?parent=42966"}],"wp:term":[{"taxonomy":"category","embeddable":true,"href":"https:\/\/laultimapalabra.com.mx\/portal\/wp-json\/wp\/v2\/categories?post=42966"},{"taxonomy":"post_tag","embeddable":true,"href":"https:\/\/laultimapalabra.com.mx\/portal\/wp-json\/wp\/v2\/tags?post=42966"}],"curies":[{"name":"wp","href":"https:\/\/api.w.org\/{rel}","templated":true}]}}