                       {"id":4298,"date":"2018-10-19T16:55:06","date_gmt":"2018-10-19T16:55:06","guid":{"rendered":"http:\/\/laultimapalabra.info\/?p=4298"},"modified":"2024-12-11T08:53:19","modified_gmt":"2024-12-11T14:53:19","slug":"llega-amlo-a-palacio-de-gobierno","status":"publish","type":"post","link":"https:\/\/laultimapalabra.com.mx\/portal\/llega-amlo-a-palacio-de-gobierno\/","title":{"rendered":"Llega AMLO a Palacio de Gobierno"},"content":{"rendered":"<p style=\"text-align: justify;\"><img loading=\"lazy\" decoding=\"async\" class=\"size-medium wp-image-4299 alignleft\" src=\"https:\/\/laultimapalabra.com.mx\/portal\/wp-content\/uploads\/2018\/10\/4232092-300x200.jpg\" alt=\"\" width=\"300\" height=\"200\" \/>Monterrey, M\u00e9xico (19 octubre 2018).- El Presidente electo, Andr\u00e9s Manuel L\u00f3pez Obrador, lleg\u00f3 al Palacio de Gobierno donde encabezar\u00e1 una reuni\u00f3n con funcionarios y legisladores de Nuevo Le\u00f3n para definir qu\u00e9 proyectos se incluir\u00e1n en el presupuesto 2019.<\/p>\n<p style=\"text-align: justify;\">Al llegar al recinto, a las 11:04 horas, el pr\u00f3ximo Mandatario pos\u00f3 para ser fotografiado con el Gobernador Jaime Rodr\u00edguez, quien lo recibi\u00f3 en la puerta principal.<\/p>\n<p style=\"text-align: justify;\">Ex adversarios en la campa\u00f1a presidencial, ambos sostendr\u00e1n una reuni\u00f3n privada en el despacho del Gobernador, antes del encuentro en el que participar\u00e1n adem\u00e1s parte del equipo de L\u00f3pez Obrador, el Gabinete estatal, legisladores federales y estatales, adem\u00e1s de Alcaldes en funciones y electos.<\/p>\n<p style=\"text-align: justify;\">L\u00f3pez Obrador lleg\u00f3 acompa\u00f1ado por la pr\u00f3xima Coordinadora de Programas Sociales en el Estado, Judith D\u00edaz; y su futuro titular de la Oficina de la Presidencia, Alfonso Romo.<\/p>\n<p style=\"text-align: justify;\">Hasta el momento no se ha informado si L\u00f3pez Obrador realizar\u00e1 alg\u00fan posicionamiento junto al Gobernador al t\u00e9rmino de las reuniones.<\/p>\n<p style=\"text-align: justify;\">Por la tarde, el Presidente electo tendr\u00e1 un acto p\u00fablico en la Explanada de los H\u00e9roes, como parte de su gira nacional de agradecimiento por su triunfo en las elecciones del pasado 1 de julio.<\/p>\n<p>fuente: El Norte<\/p>\n","protected":false},"excerpt":{"rendered":"<p>Monterrey, M\u00e9xico (19 octubre 2018).- El Presidente electo, Andr\u00e9s Manuel L\u00f3pez Obrador, lleg\u00f3 al Palacio de Gobierno donde encabezar\u00e1 una reuni\u00f3n con funcionarios y legisladores de Nuevo Le\u00f3n para definir qu\u00e9 proyectos se incluir\u00e1n en el presupuesto 2019. Al llegar al recinto, a las 11:04 horas, el pr\u00f3ximo Mandatario pos\u00f3 para ser fotografiado con el [&hellip;]<\/p>\n","protected":false},"author":9,"featured_media":4299,"comment_status":"open","ping_status":"closed","sticky":false,"template":"","format":"standard","meta":{"footnotes":""},"categories":[15],"tags":[124,1316],"class_list":["post-4298","post","type-post","status-publish","format-standard","has-post-thumbnail","hentry","category-estado","tag-amlo","tag-jaime-rodriguez-el-bronco"],"_links":{"self":[{"href":"https:\/\/laultimapalabra.com.mx\/portal\/wp-json\/wp\/v2\/posts\/4298","targetHints":{"allow":["GET"]}}],"collection":[{"href":"https:\/\/laultimapalabra.com.mx\/portal\/wp-json\/wp\/v2\/posts"}],"about":[{"href":"https:\/\/laultimapalabra.com.mx\/portal\/wp-json\/wp\/v2\/types\/post"}],"author":[{"embeddable":true,"href":"https:\/\/laultimapalabra.com.mx\/portal\/wp-json\/wp\/v2\/users\/9"}],"replies":[{"embeddable":true,"href":"https:\/\/laultimapalabra.com.mx\/portal\/wp-json\/wp\/v2\/comments?post=4298"}],"version-history":[{"count":1,"href":"https:\/\/laultimapalabra.com.mx\/portal\/wp-json\/wp\/v2\/posts\/4298\/revisions"}],"predecessor-version":[{"id":65316,"href":"https:\/\/laultimapalabra.com.mx\/portal\/wp-json\/wp\/v2\/posts\/4298\/revisions\/65316"}],"wp:featuredmedia":[{"embeddable":true,"href":"https:\/\/laultimapalabra.com.mx\/portal\/wp-json\/"}],"wp:attachment":[{"href":"https:\/\/laultimapalabra.com.mx\/portal\/wp-json\/wp\/v2\/media?parent=4298"}],"wp:term":[{"taxonomy":"category","embeddable":true,"href":"https:\/\/laultimapalabra.com.mx\/portal\/wp-json\/wp\/v2\/categories?post=4298"},{"taxonomy":"post_tag","embeddable":true,"href":"https:\/\/laultimapalabra.com.mx\/portal\/wp-json\/wp\/v2\/tags?post=4298"}],"curies":[{"name":"wp","href":"https:\/\/api.w.org\/{rel}","templated":true}]}}