                       {"id":42999,"date":"2023-06-26T15:05:34","date_gmt":"2023-06-26T21:05:34","guid":{"rendered":"https:\/\/laultimapalabra.com.mx\/portal\/?p=42999"},"modified":"2024-12-11T10:44:11","modified_gmt":"2024-12-11T16:44:11","slug":"detienen-a-gualberto-ramirez-exfuncionario-de-la-seido-acusado-de-tortura-en-el-caso-ayotzinapa","status":"publish","type":"post","link":"https:\/\/laultimapalabra.com.mx\/portal\/detienen-a-gualberto-ramirez-exfuncionario-de-la-seido-acusado-de-tortura-en-el-caso-ayotzinapa\/","title":{"rendered":"Detienen a Gualberto Ram\u00edrez, exfuncionario de la SEIDO acusado de tortura en el caso Ayotzinapa"},"content":{"rendered":"<p>ESTADO DE M\u00c9XICO.- El ex jefe Antisecuestros fue aprehendido en el Estado de M\u00e9xico por su presunta responsabilidad en el delito de tortura y desaparici\u00f3n forzada de personas.<\/p>\n<p>Una vez detenido, el ex funcionario fue trasladado al centro penitenciario del Reclusorio Sur, donde qued\u00f3 a disposici\u00f3n de las autoridades correspondientes. Gualberto -quien se desempe\u00f1\u00f3 como titular de la Unidad Especializada en Investigaci\u00f3n de Delitos en Materia de Secuestro- cuenta con dos \u00f3rdenes de aprehensi\u00f3n y una de reaprehensi\u00f3n.<\/p>\n<p>Hasta el momento la FGR no ha dado a conocer los cargos por los que fue aprehendido, pero el subsecretario de Derechos Humanos, Poblaci\u00f3n y Migraci\u00f3n, Alejandro Encinas, di\u00f3 a conocer a trav\u00e9s de su cuenta de Twitter que fue por los delitos de desaparici\u00f3n forzada de personas, tortura y coalici\u00f3n de servidores p\u00fablicos.<\/p>\n<p>Reportes de Reforma indicaron que el domingo 25 de junio Gualberto iba a quedar en manos de un juez de control del Reclusorio Sur, debido a su audiencia inicial por la presunta tortura a Felipe Rodr\u00edguez Salgado, alias El Cepillo.<\/p>\n<p>Dicho sujeto es identificado como un integrante de Guerreros Unidos, el grupo criminal implicado en la desaparici\u00f3n de los 43 estudiantes de la Escuela Normal Rural \u201cRa\u00fal Isidro Burgos\u201d, registrada en septiembre de 2014 en el estado de Guerrero.<\/p>\n<p>Seg\u00fan las indagatorias, El Cepillo fue supuestamente torturado en las inmediaciones de la Polic\u00eda Federal Ministerial en enero de 2015, durante un interrogatorio en el que habr\u00eda participado Tom\u00e1s Zer\u00f3n, ex director de la extinta Agencia de Investigaci\u00f3n Criminal (AIC), mismo que actualmente se encuentra pr\u00f3fugo de la justicia.<\/p>\n<p>Cabe recordar que el interrogatorio de El Cepillo fue registrado en un video que se di\u00f3 a conocer de manera extraoficial. En el audiovisual se puede apreciar que Tom\u00e1s Zer\u00f3n le advirti\u00f3: \u201cLa primera mamad* que me digas, cambiamos de tono\u201d. Posteriormente lo cuestion\u00f3 sobre el paradero de los estudiantes desaparecidos.<\/p>\n<p>Debido a esos hechos, en agosto de 2020 un juez federal orden\u00f3 la detenci\u00f3n de Gualberto, por su presunta responsabilidad en los delitos mencionados.<\/p>\n<p>Para ese tiempo Guti\u00e9rrez ya hab\u00eda dejado su cargo en la SEIDO.<\/p>\n<p>Por su parte, la Oficina en M\u00e9xico del Alto Comisionado de Naciones Unidas para Derechos Humanos (ONU-DH) conden\u00f3 el proceder de las autoridades en contra de El Cepillo, por lo que calific\u00f3 dichos actos como \u201ctortura\u201d.<\/p>\n<p>Asimismo, incluy\u00f3 al ex jefe antisecuestro en su lista de funcionarios denunciados ante la FGR.<\/p>\n<p>Aunado a ello, en julio de 2019 la Comisi\u00f3n Nacional de los Derechos Humanos (CNDH) interpuso seis denuncias penales en contra de 235 funcionarios que intervinieron en las investigaciones por la desaparici\u00f3n de los 43 normalistas de Ayotzinapa.<\/p>\n<p>De ese total, al menos 116 fueron acusados por actos de tortura, tratos crueles, inhumanos o degradantes.<\/p>\n<p>Entre las v\u00edctimas de tortura, seg\u00fan un informe de la CNDH publicado en 2018, se encontraban: Carlos Pascual Cervantes, Francisco Lozano, Gabriel Le\u00f3n, David Cruz, Gilberto Parra, Gildardo L\u00f3pez y Eury Flores.<\/p>\n<p>Otro de los casos por los cuales Gualberto es buscado por las autoridades tiene que ver con la presunta manipulaci\u00f3n de pruebas en contra de la familia de Ana Patricia Moller, con la finalidad de acusarla por narcotr\u00e1fico.<\/p>\n<p>FUENTE: INFOBAE<\/p>\n","protected":false},"excerpt":{"rendered":"<p>ESTADO DE M\u00c9XICO.- El ex jefe Antisecuestros fue aprehendido en el Estado de M\u00e9xico por su presunta responsabilidad en el delito de tortura y desaparici\u00f3n forzada de personas. Una vez detenido, el ex funcionario fue trasladado al centro penitenciario del Reclusorio Sur, donde qued\u00f3 a disposici\u00f3n de las autoridades correspondientes. Gualberto -quien se desempe\u00f1\u00f3 como [&hellip;]<\/p>\n","protected":false},"author":9,"featured_media":43000,"comment_status":"closed","ping_status":"closed","sticky":false,"template":"","format":"standard","meta":{"footnotes":""},"categories":[19],"tags":[5782,8046,8047,5784,8048,5859],"class_list":["post-42999","post","type-post","status-publish","format-standard","has-post-thumbnail","hentry","category-nacional","tag-ayotzinapa","tag-gualbertoramirez","tag-seido","tag-tomaszeron","tag-tortura","tag-ultimas-noticias"],"_links":{"self":[{"href":"https:\/\/laultimapalabra.com.mx\/portal\/wp-json\/wp\/v2\/posts\/42999","targetHints":{"allow":["GET"]}}],"collection":[{"href":"https:\/\/laultimapalabra.com.mx\/portal\/wp-json\/wp\/v2\/posts"}],"about":[{"href":"https:\/\/laultimapalabra.com.mx\/portal\/wp-json\/wp\/v2\/types\/post"}],"author":[{"embeddable":true,"href":"https:\/\/laultimapalabra.com.mx\/portal\/wp-json\/wp\/v2\/users\/9"}],"replies":[{"embeddable":true,"href":"https:\/\/laultimapalabra.com.mx\/portal\/wp-json\/wp\/v2\/comments?post=42999"}],"version-history":[{"count":2,"href":"https:\/\/laultimapalabra.com.mx\/portal\/wp-json\/wp\/v2\/posts\/42999\/revisions"}],"predecessor-version":[{"id":83569,"href":"https:\/\/laultimapalabra.com.mx\/portal\/wp-json\/wp\/v2\/posts\/42999\/revisions\/83569"}],"wp:featuredmedia":[{"embeddable":true,"href":"https:\/\/laultimapalabra.com.mx\/portal\/wp-json\/wp\/v2\/media\/43000"}],"wp:attachment":[{"href":"https:\/\/laultimapalabra.com.mx\/portal\/wp-json\/wp\/v2\/media?parent=42999"}],"wp:term":[{"taxonomy":"category","embeddable":true,"href":"https:\/\/laultimapalabra.com.mx\/portal\/wp-json\/wp\/v2\/categories?post=42999"},{"taxonomy":"post_tag","embeddable":true,"href":"https:\/\/laultimapalabra.com.mx\/portal\/wp-json\/wp\/v2\/tags?post=42999"}],"curies":[{"name":"wp","href":"https:\/\/api.w.org\/{rel}","templated":true}]}}