                       {"id":43009,"date":"2023-06-27T10:56:52","date_gmt":"2023-06-27T16:56:52","guid":{"rendered":"https:\/\/laultimapalabra.com.mx\/portal\/?p=43009"},"modified":"2024-12-11T10:44:11","modified_gmt":"2024-12-11T16:44:11","slug":"mata-trailer-a-motociclista","status":"publish","type":"post","link":"https:\/\/laultimapalabra.com.mx\/portal\/mata-trailer-a-motociclista\/","title":{"rendered":"Mata tr\u00e1iler a motociclista"},"content":{"rendered":"\n<p>Cadereyta Jim\u00e9nez, N.L.-La ma\u00f1ana de este martes un lamentable accidente vial dej\u00f3 como saldo a un motociclista sin vida, en el municipio de Cadereyta.<br \/>El percance se registr\u00f3 en la carretera libre a Reynosa en el kil\u00f3metro 27 en el lugar conocido como &#8220;La Roca&#8221; o el &#8220;San Judas&#8221;.<br \/>Presuntamente el conductor del tr\u00e1iler de la l\u00ednea TRANSFHER, no hizo alto en direcci\u00f3n de Cadereyta a Ju\u00e1rez, por lo que termin\u00f3 impactando y aplastando al motociclista, quedando \u00e9ste debajo de la pesada unidad.<br \/>Hasta el momento, se desconoce la identidad del motociclista, quien viajaba en una moto Vento 150 de color blanco, con una caja azul y vest\u00eda un short negro, playera y tenis nike del mismo color.<br \/>La zona fue abanderada por elementos de Vialidad y Tr\u00e1nsito lo que origin\u00f3 mucho tr\u00e1fico en ambos sentidos, ya que es una zona muy transitada sobre todo en hora pico.<\/p>\n\n\n\n<figure class=\"wp-block-image size-large\"><img loading=\"lazy\" decoding=\"async\" width=\"1024\" height=\"768\" src=\"https:\/\/laultimapalabra.com.mx\/portal\/wp-content\/uploads\/2023\/06\/IMG-20230627-WA0009-1024x768.jpg\" alt=\"\" class=\"wp-image-43008\" srcset=\"https:\/\/laultimapalabra.com.mx\/portal\/wp-content\/uploads\/2023\/06\/IMG-20230627-WA0009-1024x768.jpg 1024w, https:\/\/laultimapalabra.com.mx\/portal\/wp-content\/uploads\/2023\/06\/IMG-20230627-WA0009-300x225.jpg 300w, https:\/\/laultimapalabra.com.mx\/portal\/wp-content\/uploads\/2023\/06\/IMG-20230627-WA0009-768x576.jpg 768w, https:\/\/laultimapalabra.com.mx\/portal\/wp-content\/uploads\/2023\/06\/IMG-20230627-WA0009-1536x1152.jpg 1536w, https:\/\/laultimapalabra.com.mx\/portal\/wp-content\/uploads\/2023\/06\/IMG-20230627-WA0009.jpg 1600w\" sizes=\"auto, (max-width: 1024px) 100vw, 1024px\" \/><\/figure>\n\n\n\n<figure class=\"wp-block-image\"><img loading=\"lazy\" decoding=\"async\" width=\"1024\" height=\"768\" src=\"https:\/\/laultimapalabra.com.mx\/portal\/wp-content\/uploads\/2023\/06\/IMG-20230627-WA0007-1024x768.jpg\" alt=\"\" class=\"wp-image-43007\" srcset=\"https:\/\/laultimapalabra.com.mx\/portal\/wp-content\/uploads\/2023\/06\/IMG-20230627-WA0007-1024x768.jpg 1024w, https:\/\/laultimapalabra.com.mx\/portal\/wp-content\/uploads\/2023\/06\/IMG-20230627-WA0007-300x225.jpg 300w, https:\/\/laultimapalabra.com.mx\/portal\/wp-content\/uploads\/2023\/06\/IMG-20230627-WA0007-768x576.jpg 768w, https:\/\/laultimapalabra.com.mx\/portal\/wp-content\/uploads\/2023\/06\/IMG-20230627-WA0007-1536x1152.jpg 1536w, https:\/\/laultimapalabra.com.mx\/portal\/wp-content\/uploads\/2023\/06\/IMG-20230627-WA0007.jpg 1600w\" sizes=\"auto, (max-width: 1024px) 100vw, 1024px\" \/><\/figure>\n\r\n","protected":false},"excerpt":{"rendered":"<p>Cadereyta Jim\u00e9nez, N.L.-La ma\u00f1ana de este martes un lamentable accidente vial dej\u00f3 como saldo a un motociclista sin vida, en el municipio de Cadereyta.El percance se registr\u00f3 en la carretera libre a Reynosa en el kil\u00f3metro 27 en el lugar conocido como &#8220;La Roca&#8221; o el &#8220;San Judas&#8221;.Presuntamente el conductor del tr\u00e1iler de la l\u00ednea [&hellip;]<\/p>\n","protected":false},"author":7,"featured_media":43006,"comment_status":"closed","ping_status":"closed","sticky":false,"template":"","format":"standard","meta":{"footnotes":""},"categories":[9],"tags":[3967,8051,4793,8030],"class_list":["post-43009","post","type-post","status-publish","format-standard","has-post-thumbnail","hentry","category-seguridad-cadereyta","tag-accidente-vial","tag-motciclista","tag-motociclista-prensado","tag-vialidad-y-transilto"],"_links":{"self":[{"href":"https:\/\/laultimapalabra.com.mx\/portal\/wp-json\/wp\/v2\/posts\/43009","targetHints":{"allow":["GET"]}}],"collection":[{"href":"https:\/\/laultimapalabra.com.mx\/portal\/wp-json\/wp\/v2\/posts"}],"about":[{"href":"https:\/\/laultimapalabra.com.mx\/portal\/wp-json\/wp\/v2\/types\/post"}],"author":[{"embeddable":true,"href":"https:\/\/laultimapalabra.com.mx\/portal\/wp-json\/wp\/v2\/users\/7"}],"replies":[{"embeddable":true,"href":"https:\/\/laultimapalabra.com.mx\/portal\/wp-json\/wp\/v2\/comments?post=43009"}],"version-history":[{"count":2,"href":"https:\/\/laultimapalabra.com.mx\/portal\/wp-json\/wp\/v2\/posts\/43009\/revisions"}],"predecessor-version":[{"id":83571,"href":"https:\/\/laultimapalabra.com.mx\/portal\/wp-json\/wp\/v2\/posts\/43009\/revisions\/83571"}],"wp:featuredmedia":[{"embeddable":true,"href":"https:\/\/laultimapalabra.com.mx\/portal\/wp-json\/wp\/v2\/media\/43006"}],"wp:attachment":[{"href":"https:\/\/laultimapalabra.com.mx\/portal\/wp-json\/wp\/v2\/media?parent=43009"}],"wp:term":[{"taxonomy":"category","embeddable":true,"href":"https:\/\/laultimapalabra.com.mx\/portal\/wp-json\/wp\/v2\/categories?post=43009"},{"taxonomy":"post_tag","embeddable":true,"href":"https:\/\/laultimapalabra.com.mx\/portal\/wp-json\/wp\/v2\/tags?post=43009"}],"curies":[{"name":"wp","href":"https:\/\/api.w.org\/{rel}","templated":true}]}}