                       {"id":43203,"date":"2023-06-30T15:14:31","date_gmt":"2023-06-30T21:14:31","guid":{"rendered":"https:\/\/laultimapalabra.com.mx\/portal\/?p=43203"},"modified":"2024-12-11T10:44:13","modified_gmt":"2024-12-11T16:44:13","slug":"papa-francisco-recibe-en-audiencia-a-stella-assange","status":"publish","type":"post","link":"https:\/\/laultimapalabra.com.mx\/portal\/papa-francisco-recibe-en-audiencia-a-stella-assange\/","title":{"rendered":"Papa Francisco recibe en audiencia a Stella Assange"},"content":{"rendered":"<p>Ciudad del Vaticano, Santa Sede.- El papa Francisco recibi\u00f3 el viernes en audiencia privada a la mujer del fundador de WikiLeaks Julian Assange, que est\u00e1 a la espera del resultado de su apelaci\u00f3n contra la decisi\u00f3n del gobierno brit\u00e1nico de extraditarlo a Estados Unidos.<\/p>\n<p>El papa &#8220;recibi\u00f3 en audiencia a Stella Assange y miembros de su familia&#8221;, indic\u00f3 el Vaticano en un comunicado.<\/p>\n<p>Stella Assange confirm\u00f3 en Twitter haber mantenido esta audiencia privada con el pont\u00edfice argentino de 86 a\u00f1os.<\/p>\n<p>&#8220;Estamos abrumados&#8221;, a\u00f1adi\u00f3.<\/p>\n<p>La audiencia se logr\u00f3 gracias a que el fundador del MST, Jo\u00e3o Pedro St\u00e9dile, y la periodista Sara Vivacqua enviaron una carta de Stella Assange, esposa de Julian Assange, al presidente de Brasil, Luiz In\u00e1cio Lula da Silva, pidi\u00e9ndole al presidente de Brasil que se la entregar\u00e1 al Papa Francisco.<\/p>\n<p>Lula respondi\u00f3 diciendo que insisti\u00f3 en llevar la misiva y hablar del caso con Francisco, exigiendo una soluci\u00f3n humana y el fin de la persecuci\u00f3n pol\u00edtica a Assange.<\/p>\n<p>Julian Assange fue arrestado por la polic\u00eda brit\u00e1nica en 2019 tras siete a\u00f1os recluido en la embajada de Ecuador en Londres para evitar ser extraditado a Suecia por acusaciones de agresi\u00f3n sexual, Julian Assange permanece en una c\u00e1rcel de alta seguridad en el este de la capital brit\u00e1nica.<\/p>\n<p>El fundador de WikiLeaks, de 51 a\u00f1os y nacionalidad australiana, es objeto de acusaciones en Estados Unidos por haber divulgado secretos militares estadounidenses en 2010 sobre las guerras de Irak y de Afganist\u00e1n.<\/p>\n<p>En una manifestaci\u00f3n reciente en Londres contra su extradici\u00f3n, Stella Assange dijo que su env\u00edo a Estados Unidos podr\u00eda ser inminente.<\/p>\n<p>&#8220;Julian podr\u00eda ser extraditado de aqu\u00ed a unas semanas. No tenemos un calendario preciso, pero realmente es la fase final&#8221;, dijo a la prensa.<\/p>\n<p>Sus partidarios lo presentan como un m\u00e1rtir de la libertad de prensa.<\/p>\n<p>FUENTE: LA JORNADA<\/p>\n<p>Foto: la jornada<\/p>\n","protected":false},"excerpt":{"rendered":"<p>Ciudad del Vaticano, Santa Sede.- El papa Francisco recibi\u00f3 el viernes en audiencia privada a la mujer del fundador de WikiLeaks Julian Assange, que est\u00e1 a la espera del resultado de su apelaci\u00f3n contra la decisi\u00f3n del gobierno brit\u00e1nico de extraditarlo a Estados Unidos. El papa &#8220;recibi\u00f3 en audiencia a Stella Assange y miembros de [&hellip;]<\/p>\n","protected":false},"author":9,"featured_media":43204,"comment_status":"closed","ping_status":"closed","sticky":false,"template":"","format":"standard","meta":{"footnotes":""},"categories":[1],"tags":[5909,8136,6823,5859,8137],"class_list":["post-43203","post","type-post","status-publish","format-standard","has-post-thumbnail","hentry","category-noticias","tag-assange","tag-libertddeprensa","tag-papafrancisco","tag-ultimas-noticias","tag-visitastellavaticano"],"_links":{"self":[{"href":"https:\/\/laultimapalabra.com.mx\/portal\/wp-json\/wp\/v2\/posts\/43203","targetHints":{"allow":["GET"]}}],"collection":[{"href":"https:\/\/laultimapalabra.com.mx\/portal\/wp-json\/wp\/v2\/posts"}],"about":[{"href":"https:\/\/laultimapalabra.com.mx\/portal\/wp-json\/wp\/v2\/types\/post"}],"author":[{"embeddable":true,"href":"https:\/\/laultimapalabra.com.mx\/portal\/wp-json\/wp\/v2\/users\/9"}],"replies":[{"embeddable":true,"href":"https:\/\/laultimapalabra.com.mx\/portal\/wp-json\/wp\/v2\/comments?post=43203"}],"version-history":[{"count":2,"href":"https:\/\/laultimapalabra.com.mx\/portal\/wp-json\/wp\/v2\/posts\/43203\/revisions"}],"predecessor-version":[{"id":83667,"href":"https:\/\/laultimapalabra.com.mx\/portal\/wp-json\/wp\/v2\/posts\/43203\/revisions\/83667"}],"wp:featuredmedia":[{"embeddable":true,"href":"https:\/\/laultimapalabra.com.mx\/portal\/wp-json\/wp\/v2\/media\/43204"}],"wp:attachment":[{"href":"https:\/\/laultimapalabra.com.mx\/portal\/wp-json\/wp\/v2\/media?parent=43203"}],"wp:term":[{"taxonomy":"category","embeddable":true,"href":"https:\/\/laultimapalabra.com.mx\/portal\/wp-json\/wp\/v2\/categories?post=43203"},{"taxonomy":"post_tag","embeddable":true,"href":"https:\/\/laultimapalabra.com.mx\/portal\/wp-json\/wp\/v2\/tags?post=43203"}],"curies":[{"name":"wp","href":"https:\/\/api.w.org\/{rel}","templated":true}]}}