                       {"id":43300,"date":"2023-07-03T15:54:52","date_gmt":"2023-07-03T21:54:52","guid":{"rendered":"https:\/\/laultimapalabra.com.mx\/portal\/?p=43300"},"modified":"2024-12-11T10:44:14","modified_gmt":"2024-12-11T16:44:14","slug":"renuncian-al-pri-osorio-chong-claudia-ruiz-massieu-y-eruviel-avila","status":"publish","type":"post","link":"https:\/\/laultimapalabra.com.mx\/portal\/renuncian-al-pri-osorio-chong-claudia-ruiz-massieu-y-eruviel-avila\/","title":{"rendered":"Renuncian al PRI Osorio Chong, Claudia Ruiz Massieu y Eruviel \u00c1vila"},"content":{"rendered":"<p>CDMX.- Despu\u00e9s de anunciar su renuncia al PRI, inconformes con la \u201cdirigencia autoritaria que rompi\u00f3 al partido\u201d, cuatro senadores, ex legisladores y ex alcaldes anunciaron un movimiento denominado Congruencia por M\u00e9xico \u201cpara seguir haciendo pol\u00edtica\u201d.<\/p>\n<p>El ex coordinador de los senadores priistas, Miguel \u00c1ngel Osorio Chong, dijo que no buscar\u00e1n confirmar un nuevo partido.<\/p>\n<p>Vendr\u00e1n cr\u00edticas por las renuncias y \u201cnos inventar\u00e1n cosas\u201d, pero nunca cuestionar el trabajo que hicieron en el PRI como militantes.<\/p>\n<p>En un amplio discurso, el ex secretario de Gobernaci\u00f3n dijo que \u201cperdimos al PRI, est\u00e1 extraviado, ausente, perdi\u00f3 la ruta con una dirigencia que solo crea incondicionales. Alejandro Moreno atrap\u00f3 y destruy\u00f3 al PRI, lo hizo pedazos. Es la peor dirigencia de la historia\u201d.<\/p>\n<p>Hizo un recuento de las derrotas del tricolor desde 2019 y \u201cno pudo ganar ni en su estado y el Estado de M\u00e9xico lo perdi\u00f3 \u00e9l, es el responsable. Le puso obst\u00e1culos a la candidata\u201d, Alejandra del Moral.<\/p>\n<p>A su vez, Claudia Ruiz Massieu, quien recientemente declin\u00f3 de su aspiraci\u00f3n de participar en el proceso para competir por la candidatura presidencial del Frente por M\u00e9xico, dijo que ella, Osorio Chong, Eruviel \u00c1vila y Nubia Mayorga no se sumar\u00e1n a ninguna bancada en el Senado.<\/p>\n<p>Tambi\u00e9n descart\u00f3 buscar la candidatura por otro partido.<\/p>\n<p>Eruviel \u00c1vila, ex gobernador del Estado de M\u00e9xico, dijo que la decisi\u00f3n de renunciar al PRI es la m\u00e1s dif\u00edcil de su vida pol\u00edtica, pero es la correcta.<\/p>\n<p>Anunci\u00f3 que Osorio Chong, a quien defini\u00f3 como \u201cmi hermano\u201d, ser\u00e1 el coordinador de Congruencia por M\u00e9xico.<\/p>\n<p>Explic\u00f3 que su separaci\u00f3n del PRI se debe a que la dirigencia cerr\u00f3 las puertas a la militancia y \u201cprivilegi\u00f3 la sumisi\u00f3n, m\u00e1s que la lealtad; la obediencia m\u00e1s que las propuestas; cancel\u00f3 el di\u00e1logo y la inclusi\u00f3n\u201d.<\/p>\n<p>Despu\u00e9s del anuncio, los cuatro senadores y unos 250 priistas que asistieron a la declaraci\u00f3n en un hotel en Polanco levantaron las cartas de renuncia al PRI.<\/p>\n<p>Foto: Quadrat\u00edn Oaxaca<\/p>\n","protected":false},"excerpt":{"rendered":"<p>CDMX.- Despu\u00e9s de anunciar su renuncia al PRI, inconformes con la \u201cdirigencia autoritaria que rompi\u00f3 al partido\u201d, cuatro senadores, ex legisladores y ex alcaldes anunciaron un movimiento denominado Congruencia por M\u00e9xico \u201cpara seguir haciendo pol\u00edtica\u201d. El ex coordinador de los senadores priistas, Miguel \u00c1ngel Osorio Chong, dijo que no buscar\u00e1n confirmar un nuevo partido. Vendr\u00e1n [&hellip;]<\/p>\n","protected":false},"author":9,"featured_media":43301,"comment_status":"closed","ping_status":"closed","sticky":false,"template":"","format":"standard","meta":{"footnotes":""},"categories":[19],"tags":[8179,8178,6630,8177,5859],"class_list":["post-43300","post","type-post","status-publish","format-standard","has-post-thumbnail","hentry","category-nacional","tag-congruenciapormexico","tag-eruvielavila","tag-osoriochong","tag-prirenuncia","tag-ultimas-noticias"],"_links":{"self":[{"href":"https:\/\/laultimapalabra.com.mx\/portal\/wp-json\/wp\/v2\/posts\/43300","targetHints":{"allow":["GET"]}}],"collection":[{"href":"https:\/\/laultimapalabra.com.mx\/portal\/wp-json\/wp\/v2\/posts"}],"about":[{"href":"https:\/\/laultimapalabra.com.mx\/portal\/wp-json\/wp\/v2\/types\/post"}],"author":[{"embeddable":true,"href":"https:\/\/laultimapalabra.com.mx\/portal\/wp-json\/wp\/v2\/users\/9"}],"replies":[{"embeddable":true,"href":"https:\/\/laultimapalabra.com.mx\/portal\/wp-json\/wp\/v2\/comments?post=43300"}],"version-history":[{"count":2,"href":"https:\/\/laultimapalabra.com.mx\/portal\/wp-json\/wp\/v2\/posts\/43300\/revisions"}],"predecessor-version":[{"id":83717,"href":"https:\/\/laultimapalabra.com.mx\/portal\/wp-json\/wp\/v2\/posts\/43300\/revisions\/83717"}],"wp:featuredmedia":[{"embeddable":true,"href":"https:\/\/laultimapalabra.com.mx\/portal\/wp-json\/wp\/v2\/media\/43301"}],"wp:attachment":[{"href":"https:\/\/laultimapalabra.com.mx\/portal\/wp-json\/wp\/v2\/media?parent=43300"}],"wp:term":[{"taxonomy":"category","embeddable":true,"href":"https:\/\/laultimapalabra.com.mx\/portal\/wp-json\/wp\/v2\/categories?post=43300"},{"taxonomy":"post_tag","embeddable":true,"href":"https:\/\/laultimapalabra.com.mx\/portal\/wp-json\/wp\/v2\/tags?post=43300"}],"curies":[{"name":"wp","href":"https:\/\/api.w.org\/{rel}","templated":true}]}}