                       {"id":4332,"date":"2018-10-25T23:14:00","date_gmt":"2018-10-25T23:14:00","guid":{"rendered":"http:\/\/laultimapalabra.info\/?p=4332"},"modified":"2024-12-11T08:53:19","modified_gmt":"2024-12-11T14:53:19","slug":"consultan-en-cadereyta-por-nuevo-aeropuerto","status":"publish","type":"post","link":"https:\/\/laultimapalabra.com.mx\/portal\/consultan-en-cadereyta-por-nuevo-aeropuerto\/","title":{"rendered":"Consultan en Cadereyta por nuevo aeropuerto"},"content":{"rendered":"<p style=\"text-align: justify;\"><img loading=\"lazy\" decoding=\"async\" class=\"size-medium wp-image-4333 alignleft\" src=\"https:\/\/laultimapalabra.com.mx\/portal\/wp-content\/uploads\/2018\/11\/aeropuerto-300x168.jpg\" alt=\"\" width=\"300\" height=\"168\" \/>Miguel Oscar P\u00e9rez<br \/>\nCADEREYTA JIM\u00c9NEZ, N.L.-<br \/>\nLos jimenenses podr\u00e1n emitir su opini\u00f3n en la consulta nacional sobre el proyecto del Nuevo Aeropuerto Internacional de la Ciudad de M\u00e9xico (NAIM), del 25 al 28 de octubre.<br \/>\nLa consulta \u201cM\u00e9xico Decide\u201d, ubicar\u00e1 si m\u00f3dulo en la plaza principal por la calle Mutualismo 101, de las 8:00 horas a las 18:00 horas desde ayer jueves y hasta el domingo y como \u00fanico requisito se solicita la credencial de elector.<br \/>\nPor su parte en el vecino municipio de Ju\u00e1rez, tambi\u00e9n se ubicar\u00e1 un m\u00f3dulo en la calle principal, como una opci\u00f3n para externar la opini\u00f3n a favor o rechazo del proyecto que si interesa a todos los mexicanos por el alto costo de su construcci\u00f3n.<br \/>\nEn Nuevo Le\u00f3n habr\u00e1 43 m\u00f3dulos en los municipios de Cadereyta, Ju\u00e1rez, Monterrey, Garc\u00eda, San Nicol\u00e1s y Santa Catarina.<br \/>\n&#8220;El aeropuerto de la Ciudad de M\u00e9xico no s\u00f3lo es de ellos, es de todos los mexicanos pues todos lo utilizamos cuando viajamos, he de ah\u00ed la importancia y la pr\u00e1ctica de la democracia&#8221;, expres\u00f3 Manuel Gonz\u00e1lez, secretario General de Gobierno, sobre la consulta sobre el NAIM.<br \/>\nMencion\u00f3 que son miles de vuelos de los regios a la ciudad de M\u00e9xico, por lo tanto es importante verter la opini\u00f3n sobre el nuevo aeropuerto internacional, y que en este caso se consulta a la ciudadan\u00eda para hacer una decisi\u00f3n tan importante y de esa naturaleza.<\/p>\n","protected":false},"excerpt":{"rendered":"<p>Miguel Oscar P\u00e9rez CADEREYTA JIM\u00c9NEZ, N.L.- Los jimenenses podr\u00e1n emitir su opini\u00f3n en la consulta nacional sobre el proyecto del Nuevo Aeropuerto Internacional de la Ciudad de M\u00e9xico (NAIM), del 25 al 28 de octubre. La consulta \u201cM\u00e9xico Decide\u201d, ubicar\u00e1 si m\u00f3dulo en la plaza principal por la calle Mutualismo 101, de las 8:00 horas [&hellip;]<\/p>\n","protected":false},"author":9,"featured_media":4334,"comment_status":"open","ping_status":"closed","sticky":false,"template":"","format":"standard","meta":{"footnotes":""},"categories":[17],"tags":[693,1605],"class_list":["post-4332","post","type-post","status-publish","format-standard","has-post-thumbnail","hentry","category-locales-cadereyta","tag-consulta-de-aeropuerto","tag-naim"],"_links":{"self":[{"href":"https:\/\/laultimapalabra.com.mx\/portal\/wp-json\/wp\/v2\/posts\/4332","targetHints":{"allow":["GET"]}}],"collection":[{"href":"https:\/\/laultimapalabra.com.mx\/portal\/wp-json\/wp\/v2\/posts"}],"about":[{"href":"https:\/\/laultimapalabra.com.mx\/portal\/wp-json\/wp\/v2\/types\/post"}],"author":[{"embeddable":true,"href":"https:\/\/laultimapalabra.com.mx\/portal\/wp-json\/wp\/v2\/users\/9"}],"replies":[{"embeddable":true,"href":"https:\/\/laultimapalabra.com.mx\/portal\/wp-json\/wp\/v2\/comments?post=4332"}],"version-history":[{"count":1,"href":"https:\/\/laultimapalabra.com.mx\/portal\/wp-json\/wp\/v2\/posts\/4332\/revisions"}],"predecessor-version":[{"id":65336,"href":"https:\/\/laultimapalabra.com.mx\/portal\/wp-json\/wp\/v2\/posts\/4332\/revisions\/65336"}],"wp:featuredmedia":[{"embeddable":true,"href":"https:\/\/laultimapalabra.com.mx\/portal\/wp-json\/"}],"wp:attachment":[{"href":"https:\/\/laultimapalabra.com.mx\/portal\/wp-json\/wp\/v2\/media?parent=4332"}],"wp:term":[{"taxonomy":"category","embeddable":true,"href":"https:\/\/laultimapalabra.com.mx\/portal\/wp-json\/wp\/v2\/categories?post=4332"},{"taxonomy":"post_tag","embeddable":true,"href":"https:\/\/laultimapalabra.com.mx\/portal\/wp-json\/wp\/v2\/tags?post=4332"}],"curies":[{"name":"wp","href":"https:\/\/api.w.org\/{rel}","templated":true}]}}