                       {"id":43343,"date":"2023-07-04T17:21:03","date_gmt":"2023-07-04T23:21:03","guid":{"rendered":"https:\/\/laultimapalabra.com.mx\/portal\/?p=43343"},"modified":"2024-12-11T10:44:15","modified_gmt":"2024-12-11T16:44:15","slug":"dimite-ardelio-vargas-en-puebla-tras-exhibirlo-el-presidente","status":"publish","type":"post","link":"https:\/\/laultimapalabra.com.mx\/portal\/dimite-ardelio-vargas-en-puebla-tras-exhibirlo-el-presidente\/","title":{"rendered":"Dimite Ardelio Vargas en Puebla tras exhibirlo el Presidente"},"content":{"rendered":"<p>Ciudad de M\u00e9xico.- Ardelio Vargas Fosado renunci\u00f3 la tarde de ayer a la Subsecretar\u00eda de Desarrollo Pol\u00edtico de Puebla, horas despu\u00e9s de que el presidente Andr\u00e9s Manuel L\u00f3pez Obrador di\u00f3 a conocer que el funcionario estaba vinculado con el ex secretario de Seguridad P\u00fablica federal Genaro Garc\u00eda Luna, preso en Estados Unidos por proteger a c\u00e1rteles de la droga en M\u00e9xico.<\/p>\n<p>En su cuenta de Twitter, el gobernador Sergio Salom\u00f3n C\u00e9spedes Peregrina di\u00f3 a conocer la dimisi\u00f3n. \u201cEl licenciado Ardelio Vargas Fosado me ha presentado su renuncia al cargo que ven\u00eda desempe\u00f1ando como subsecretario de Desarrollo Pol\u00edtico en la Secretar\u00eda de Gobernaci\u00f3n (Segob) de Puebla\u201d, acot\u00f3.<\/p>\n<p>El mandatario morenista llam\u00f3 a Vargas Fosado \u201cun poblano comprometido con su entorno y con su tiempo, un hombre institucional que, si bien nunca ha sido sentenciado por infracci\u00f3n o delito alguno, hoy, ante la informaci\u00f3n vertida en distintos medios y que es de dominio p\u00fablico, hace patente su convicci\u00f3n de abonar en la vida p\u00fablica de Puebla separ\u00e1ndose del cargo\u201d.<\/p>\n<p>El domingo pasado, el secretario de Gobernaci\u00f3n local, Julio Huerta G\u00f3mez, renunci\u00f3 para buscar la candidatura del partido Morena a la gubernatura poblana, y en corrillos locales se especul\u00f3 que a ra\u00edz de esta dimisi\u00f3n, por reglamento interno de la Segob, Ardelio Vargas podr\u00eda eventualmente encabezar la dependencia.<\/p>\n<p>Vargas Fosado fue jefe del Estado Mayor de la Polic\u00eda Federal Preventiva durante el sexenio del panista Vicente Fox.<\/p>\n<p>En 2006 y 2007, mientras estaba en ese cargo, integrantes del Frente de Pueblos en Defensa de la Tierra fueron v\u00edctimas de represi\u00f3n en San Mateo Atenco, estado de M\u00e9xico, cuando el pri\u00edsta Enrique Pe\u00f1a Nieto gobernaba esa entidad.<\/p>\n<p>Tambi\u00e9n fue secretario de Seguridad P\u00fablica en los primeros meses de la gesti\u00f3n de Rafael Moreno Valle como gobernador de Puebla (2011-2017), y encabez\u00f3 el Instituto Nacional de Migraci\u00f3n cuando Pe\u00f1a Nieto era presidente de la Rep\u00fablica (2012-2018).<\/p>\n<p>Recientemente, Ardelio Vargas fue acusado por ejidatarios del municipio de Pantepec de estar involucrado en una trama para despojarlos de sus tierras el pasado 30 de abril, sin tener en ese momento ninguna autoridad civil ni militar.<\/p>\n<p>Adem\u00e1s se mencion\u00f3 que el \u201ccacicazgo\u201d de Vargas Fosado en la Sierra Norte de Puebla propici\u00f3 que su hija, Guadalupe Vargas Vargas, est\u00e9 actualmente al frente de la presidencia municipal de Xicotepec.<\/p>\n<p>Ayer por la ma\u00f1ana, el gobierno federal di\u00f3 a conocer que alert\u00f3, en un informe que env\u00edo la semana pasada al gobernador de Puebla, Salom\u00f3n C\u00e9spedes, sobre los \u201cantecedentes\u201d de Vargas Fosado.<\/p>\n<p>Interrogado en la ma\u00f1anera de ayer sobre este nombramiento, el presidente L\u00f3pez Obrador record\u00f3 que en los gobiernos de la 4T no se desea ninguna relaci\u00f3n con personas que hayan tenido v\u00ednculos con Garc\u00eda Luna, \u201cporque en ese entonces, para decirlo claro y r\u00e1pido, breve, padecimos de un narcoestado que hizo mucho da\u00f1o al pa\u00eds\u201d.<\/p>\n<p>As\u00ed, con respeto al \u00e1mbito y competencias, por tratarse de un nombramiento que corresponde a la administraci\u00f3n estatal, se entreg\u00f3 la informaci\u00f3n referida.<\/p>\n<p>\u201cNo sabemos si es culpable o no, pero s\u00ed trabaj\u00f3 en la Polic\u00eda Federal, s\u00ed tuvo v\u00ednculos con Garc\u00eda Luna\u201d, expuso L\u00f3pez Obrador.<\/p>\n<p>Coment\u00f3 que hace unos d\u00edas la secretaria de Seguridad y Protecci\u00f3n Ciudadana, Rosa Icela Rodr\u00edguez, le di\u00f3 a conocer la designaci\u00f3n de Ardelio Vargas y se envi\u00f3 el informe a Salom\u00f3n C\u00e9spedes, \u201crespetuosos de su \u00e1mbito de competencia, porque esto corresponde a un gobierno estatal. S\u00ed le presentamos un informe sobre esta persona que tiene esos antecedentes\u201d.<\/p>\n<p>Se pregunt\u00f3 a L\u00f3pez Obrador si el gobernador atendi\u00f3 esa informaci\u00f3n, y respondi\u00f3: \u201cNo sabemos todav\u00eda, pero ya se inform\u00f3 y es muy respetuoso este planteamiento\u201d.<\/p>\n<p>FUENTE: LA JORNADA<\/p>\n<p>foto: la jornada<\/p>\n","protected":false},"excerpt":{"rendered":"<p>Ciudad de M\u00e9xico.- Ardelio Vargas Fosado renunci\u00f3 la tarde de ayer a la Subsecretar\u00eda de Desarrollo Pol\u00edtico de Puebla, horas despu\u00e9s de que el presidente Andr\u00e9s Manuel L\u00f3pez Obrador di\u00f3 a conocer que el funcionario estaba vinculado con el ex secretario de Seguridad P\u00fablica federal Genaro Garc\u00eda Luna, preso en Estados Unidos por proteger a [&hellip;]<\/p>\n","protected":false},"author":9,"featured_media":43344,"comment_status":"closed","ping_status":"closed","sticky":false,"template":"","format":"standard","meta":{"footnotes":""},"categories":[19],"tags":[124,8199,8200,5752,5859],"class_list":["post-43343","post","type-post","status-publish","format-standard","has-post-thumbnail","hentry","category-nacional","tag-amlo","tag-ardeliovargas","tag-dimite","tag-garcialuna","tag-ultimas-noticias"],"_links":{"self":[{"href":"https:\/\/laultimapalabra.com.mx\/portal\/wp-json\/wp\/v2\/posts\/43343","targetHints":{"allow":["GET"]}}],"collection":[{"href":"https:\/\/laultimapalabra.com.mx\/portal\/wp-json\/wp\/v2\/posts"}],"about":[{"href":"https:\/\/laultimapalabra.com.mx\/portal\/wp-json\/wp\/v2\/types\/post"}],"author":[{"embeddable":true,"href":"https:\/\/laultimapalabra.com.mx\/portal\/wp-json\/wp\/v2\/users\/9"}],"replies":[{"embeddable":true,"href":"https:\/\/laultimapalabra.com.mx\/portal\/wp-json\/wp\/v2\/comments?post=43343"}],"version-history":[{"count":2,"href":"https:\/\/laultimapalabra.com.mx\/portal\/wp-json\/wp\/v2\/posts\/43343\/revisions"}],"predecessor-version":[{"id":83735,"href":"https:\/\/laultimapalabra.com.mx\/portal\/wp-json\/wp\/v2\/posts\/43343\/revisions\/83735"}],"wp:featuredmedia":[{"embeddable":true,"href":"https:\/\/laultimapalabra.com.mx\/portal\/wp-json\/wp\/v2\/media\/43344"}],"wp:attachment":[{"href":"https:\/\/laultimapalabra.com.mx\/portal\/wp-json\/wp\/v2\/media?parent=43343"}],"wp:term":[{"taxonomy":"category","embeddable":true,"href":"https:\/\/laultimapalabra.com.mx\/portal\/wp-json\/wp\/v2\/categories?post=43343"},{"taxonomy":"post_tag","embeddable":true,"href":"https:\/\/laultimapalabra.com.mx\/portal\/wp-json\/wp\/v2\/tags?post=43343"}],"curies":[{"name":"wp","href":"https:\/\/api.w.org\/{rel}","templated":true}]}}