                       {"id":43390,"date":"2023-07-05T12:09:30","date_gmt":"2023-07-05T18:09:30","guid":{"rendered":"https:\/\/laultimapalabra.com.mx\/portal\/?p=43390"},"modified":"2024-12-11T10:44:15","modified_gmt":"2024-12-11T16:44:15","slug":"registra-reynosa-nueva-jornada-de-violencia","status":"publish","type":"post","link":"https:\/\/laultimapalabra.com.mx\/portal\/registra-reynosa-nueva-jornada-de-violencia\/","title":{"rendered":"Registra Reynosa nueva jornada de violencia"},"content":{"rendered":"<p>Reynosa, Tam.- Al menos tres bloqueos en la carretera a San Fernando se registraron esta madrugada; el primero se report\u00f3 en el acceso a la colonia Paseo de las Flores, donde atravesaron varias unidades de transporte p\u00fablico.<\/p>\n<p>El segundo de los bloqueos se registr\u00f3 a la altura de la colonia Pir\u00e1mides, informaron autoridades, mientras que a la altura del acceso a la colonia Balcones de Alcal\u00e1, tambi\u00e9n con algunas unidades de transporte fue cerrada la circulaci\u00f3n.<\/p>\n<p>Adem\u00e1s, tambi\u00e9n se di\u00f3 a conocer que en la carretera a San Fernando, a la altura de los ejidos Doroteo Arango y Palo Blanco, se registraron algunos enfrentamientos, por lo que fueron esparcidos una gran cantidad se artefactos met\u00e1licos conocidos como ponchallantas a lo largo de un tramo de la v\u00eda federal.<\/p>\n<p>Fuentes no oficiales tambi\u00e9n se\u00f1alaron que se registraron algunas persecuciones y enfrentamientos en horas de la madrugada en diferentes sectores, destacando las colonias Aquiles Serd\u00e1n, Carlos Cant\u00fa entre otras del oriente de la ciudad.<\/p>\n<p>Hasta poco despu\u00e9s de las 08:00 horas, las autoridades federales y estatales continuaban con el retiro de los bloqueos y adem\u00e1s de algunas labores de vigilancia.<\/p>\n<p>De manera preliminar, se inform\u00f3 que hay un elemento de la Guardia Estatatal lesionado tras los enfrentamientos en la carretera a San Fernando a la altura de Doroteo Arango.<\/p>\n<p>Adem\u00e1s, tambi\u00e9n se alerta sobre la presencia de hombres armados a la altura de Alfredo V. Bonfil, mejor conocido como Periquitos.<\/p>\n<p>FUENTE: EL MA\u00d1ANA<\/p>\n<p>foto:el ma\u00f1ana<\/p>\n","protected":false},"excerpt":{"rendered":"<p>Reynosa, Tam.- Al menos tres bloqueos en la carretera a San Fernando se registraron esta madrugada; el primero se report\u00f3 en el acceso a la colonia Paseo de las Flores, donde atravesaron varias unidades de transporte p\u00fablico. El segundo de los bloqueos se registr\u00f3 a la altura de la colonia Pir\u00e1mides, informaron autoridades, mientras que [&hellip;]<\/p>\n","protected":false},"author":9,"featured_media":43391,"comment_status":"closed","ping_status":"closed","sticky":false,"template":"","format":"standard","meta":{"footnotes":""},"categories":[19],"tags":[8220,8221,7865,2182,5859],"class_list":["post-43390","post","type-post","status-publish","format-standard","has-post-thumbnail","hentry","category-nacional","tag-bloqueos","tag-guardiaestatal","tag-reynosa","tag-tamaulipas","tag-ultimas-noticias"],"_links":{"self":[{"href":"https:\/\/laultimapalabra.com.mx\/portal\/wp-json\/wp\/v2\/posts\/43390","targetHints":{"allow":["GET"]}}],"collection":[{"href":"https:\/\/laultimapalabra.com.mx\/portal\/wp-json\/wp\/v2\/posts"}],"about":[{"href":"https:\/\/laultimapalabra.com.mx\/portal\/wp-json\/wp\/v2\/types\/post"}],"author":[{"embeddable":true,"href":"https:\/\/laultimapalabra.com.mx\/portal\/wp-json\/wp\/v2\/users\/9"}],"replies":[{"embeddable":true,"href":"https:\/\/laultimapalabra.com.mx\/portal\/wp-json\/wp\/v2\/comments?post=43390"}],"version-history":[{"count":2,"href":"https:\/\/laultimapalabra.com.mx\/portal\/wp-json\/wp\/v2\/posts\/43390\/revisions"}],"predecessor-version":[{"id":83757,"href":"https:\/\/laultimapalabra.com.mx\/portal\/wp-json\/wp\/v2\/posts\/43390\/revisions\/83757"}],"wp:featuredmedia":[{"embeddable":true,"href":"https:\/\/laultimapalabra.com.mx\/portal\/wp-json\/wp\/v2\/media\/43391"}],"wp:attachment":[{"href":"https:\/\/laultimapalabra.com.mx\/portal\/wp-json\/wp\/v2\/media?parent=43390"}],"wp:term":[{"taxonomy":"category","embeddable":true,"href":"https:\/\/laultimapalabra.com.mx\/portal\/wp-json\/wp\/v2\/categories?post=43390"},{"taxonomy":"post_tag","embeddable":true,"href":"https:\/\/laultimapalabra.com.mx\/portal\/wp-json\/wp\/v2\/tags?post=43390"}],"curies":[{"name":"wp","href":"https:\/\/api.w.org\/{rel}","templated":true}]}}