                       {"id":43393,"date":"2023-07-05T12:13:02","date_gmt":"2023-07-05T18:13:02","guid":{"rendered":"https:\/\/laultimapalabra.com.mx\/portal\/?p=43393"},"modified":"2024-12-11T10:44:15","modified_gmt":"2024-12-11T16:44:15","slug":"niegan-carta-de-residencia-a-cabeza-de-vaca","status":"publish","type":"post","link":"https:\/\/laultimapalabra.com.mx\/portal\/niegan-carta-de-residencia-a-cabeza-de-vaca\/","title":{"rendered":"Niegan carta de residencia a Cabeza de Vaca"},"content":{"rendered":"<p>Reynosa Tam.- En un intento fallido por obtener una carta de residencia en Reynosa y estar en condici\u00f3n de participar en el proceso electoral del 2024, Francisco Garc\u00eda Cabeza de Vaca no obtuvo el documento que en su representaci\u00f3n acudi\u00f3 su hermano el senador Ismael Garc\u00eda Cabeza de Vaca a tramitar ante el Ayuntamiento de Reynosa.<\/p>\n<p>Poco despu\u00e9s de las 11:00 horas, el legislador panista arrib\u00f3 a la explanada de la Plaza Principal y se dirigi\u00f3 hacia el Palacio Municipal.<\/p>\n<p>De inmediato lo abordaron reporteros, quienes enterados de su prop\u00f3sito, le cuestionaron en torno al paradero del exgobernador de Tamaulipas.<\/p>\n<p>&#8220;\u00c9l (Francisco), se encuentra bien, pero como ustedes saben, por el tema de la seguridad no puede venir, nosotros hemos venido a tramitar una carta de residencia para el pr\u00f3ximo presidente de Mexico&#8221;, declar\u00f3 el senador.<\/p>\n<p>De manera insistente, los reporteros le preguntaban sobre su hermano, respondiendo apenas brevemente y al cabo de unas cuentas preguntas apur\u00f3 su paso rumbo a la oficina de la Secretar\u00eda del Ayuntamiento.<\/p>\n<p>A su llegada notific\u00f3 su inter\u00e9s, el personal lo atendi\u00f3, el secretario del Ayuntamiento, Antonio de Le\u00f3n no estaba presente.<\/p>\n<p>Se le comunic\u00f3 que hac\u00eda falta el llenado de un formato y firma por parte del propio interesado.<\/p>\n<p>Ismael Garc\u00eda mostr\u00f3 una carta poder notariada, en donde le otorgaba facultades para realizar la diligencia, pero de nada vali\u00f3 para completar la carta de residencia para el pr\u00f3ximo presidente de Mexico. No le fue entregada.<\/p>\n<p>Molesto, el senador del PAN ofreci\u00f3 reponer la informaci\u00f3n y volver, aunque no especific\u00f3 el d\u00eda ni la hora.<\/p>\n<p>FUENTE: EL MA\u00d1ANA<\/p>\n<p>foto: el ma\u00f1ana<\/p>\n","protected":false},"excerpt":{"rendered":"<p>Reynosa Tam.- En un intento fallido por obtener una carta de residencia en Reynosa y estar en condici\u00f3n de participar en el proceso electoral del 2024, Francisco Garc\u00eda Cabeza de Vaca no obtuvo el documento que en su representaci\u00f3n acudi\u00f3 su hermano el senador Ismael Garc\u00eda Cabeza de Vaca a tramitar ante el Ayuntamiento de [&hellip;]<\/p>\n","protected":false},"author":9,"featured_media":43394,"comment_status":"closed","ping_status":"closed","sticky":false,"template":"","format":"standard","meta":{"footnotes":""},"categories":[19],"tags":[8222,8224,8223,6620,8225,7865,5859],"class_list":["post-43393","post","type-post","status-publish","format-standard","has-post-thumbnail","hentry","category-nacional","tag-ayuntamientodereynosa","tag-cartaderesidencia","tag-cartapoderhermano","tag-garciacabezadevaca","tag-negaroncarta","tag-reynosa","tag-ultimas-noticias"],"_links":{"self":[{"href":"https:\/\/laultimapalabra.com.mx\/portal\/wp-json\/wp\/v2\/posts\/43393","targetHints":{"allow":["GET"]}}],"collection":[{"href":"https:\/\/laultimapalabra.com.mx\/portal\/wp-json\/wp\/v2\/posts"}],"about":[{"href":"https:\/\/laultimapalabra.com.mx\/portal\/wp-json\/wp\/v2\/types\/post"}],"author":[{"embeddable":true,"href":"https:\/\/laultimapalabra.com.mx\/portal\/wp-json\/wp\/v2\/users\/9"}],"replies":[{"embeddable":true,"href":"https:\/\/laultimapalabra.com.mx\/portal\/wp-json\/wp\/v2\/comments?post=43393"}],"version-history":[{"count":2,"href":"https:\/\/laultimapalabra.com.mx\/portal\/wp-json\/wp\/v2\/posts\/43393\/revisions"}],"predecessor-version":[{"id":83759,"href":"https:\/\/laultimapalabra.com.mx\/portal\/wp-json\/wp\/v2\/posts\/43393\/revisions\/83759"}],"wp:featuredmedia":[{"embeddable":true,"href":"https:\/\/laultimapalabra.com.mx\/portal\/wp-json\/wp\/v2\/media\/43394"}],"wp:attachment":[{"href":"https:\/\/laultimapalabra.com.mx\/portal\/wp-json\/wp\/v2\/media?parent=43393"}],"wp:term":[{"taxonomy":"category","embeddable":true,"href":"https:\/\/laultimapalabra.com.mx\/portal\/wp-json\/wp\/v2\/categories?post=43393"},{"taxonomy":"post_tag","embeddable":true,"href":"https:\/\/laultimapalabra.com.mx\/portal\/wp-json\/wp\/v2\/tags?post=43393"}],"curies":[{"name":"wp","href":"https:\/\/api.w.org\/{rel}","templated":true}]}}