                       {"id":43429,"date":"2023-07-05T16:09:27","date_gmt":"2023-07-05T22:09:27","guid":{"rendered":"https:\/\/laultimapalabra.com.mx\/portal\/?p=43429"},"modified":"2024-12-11T10:44:16","modified_gmt":"2024-12-11T16:44:16","slug":"ofertan-mas-de-400-vacantes-de-empleo-en-cadereyta","status":"publish","type":"post","link":"https:\/\/laultimapalabra.com.mx\/portal\/ofertan-mas-de-400-vacantes-de-empleo-en-cadereyta\/","title":{"rendered":"Ofertan m\u00e1s de 400 vacantes de empleo en Cadereyta\u00a0"},"content":{"rendered":"<p>Cadereyta Jim\u00e9nez, N.L.- Mas de 50 empresas locales as\u00ed como Fuerza Civil ofertaron este mi\u00e9rcoles arriba de 400 vacantes de empleo a las personas que asistieron a la Brigada del Empleo, organizada por el Gobierno de Cadereyta, en la Plaza Principal Miguel Hidalgo.<\/p>\n<p>&nbsp;<\/p>\n<p>&nbsp;<\/p>\n<p>&nbsp;<\/p>\n<p><img loading=\"lazy\" decoding=\"async\" class=\"alignnone size-medium wp-image-43431\" src=\"https:\/\/laultimapalabra.com.mx\/portal\/wp-content\/uploads\/2023\/07\/IMG-20230705-WA0091-300x200.jpg\" alt=\"\" width=\"300\" height=\"200\" srcset=\"https:\/\/laultimapalabra.com.mx\/portal\/wp-content\/uploads\/2023\/07\/IMG-20230705-WA0091-300x200.jpg 300w, https:\/\/laultimapalabra.com.mx\/portal\/wp-content\/uploads\/2023\/07\/IMG-20230705-WA0091-1024x682.jpg 1024w, https:\/\/laultimapalabra.com.mx\/portal\/wp-content\/uploads\/2023\/07\/IMG-20230705-WA0091-768x512.jpg 768w, https:\/\/laultimapalabra.com.mx\/portal\/wp-content\/uploads\/2023\/07\/IMG-20230705-WA0091-1536x1023.jpg 1536w, https:\/\/laultimapalabra.com.mx\/portal\/wp-content\/uploads\/2023\/07\/IMG-20230705-WA0091.jpg 1600w\" sizes=\"auto, (max-width: 300px) 100vw, 300px\" \/><\/p>\n<p>Desde las 9:00 horas en los m\u00f3dulos instalados frente a la Presidencia Municipal, los representantes de las compa\u00f1\u00edas recibieron a cientos de jimenenses que acudieron en busca de una oportunidad de trabajo.<\/p>\n<p>&nbsp;<\/p>\n<p>&nbsp;<\/p>\n<p>&nbsp;<\/p>\n<p>&nbsp;<\/p>\n<p><img loading=\"lazy\" decoding=\"async\" class=\"alignnone size-medium wp-image-43432\" src=\"https:\/\/laultimapalabra.com.mx\/portal\/wp-content\/uploads\/2023\/07\/IMG-20230705-WA0092-300x200.jpg\" alt=\"\" width=\"300\" height=\"200\" srcset=\"https:\/\/laultimapalabra.com.mx\/portal\/wp-content\/uploads\/2023\/07\/IMG-20230705-WA0092-300x200.jpg 300w, https:\/\/laultimapalabra.com.mx\/portal\/wp-content\/uploads\/2023\/07\/IMG-20230705-WA0092-1024x682.jpg 1024w, https:\/\/laultimapalabra.com.mx\/portal\/wp-content\/uploads\/2023\/07\/IMG-20230705-WA0092-768x512.jpg 768w, https:\/\/laultimapalabra.com.mx\/portal\/wp-content\/uploads\/2023\/07\/IMG-20230705-WA0092-1536x1023.jpg 1536w, https:\/\/laultimapalabra.com.mx\/portal\/wp-content\/uploads\/2023\/07\/IMG-20230705-WA0092.jpg 1600w\" sizes=\"auto, (max-width: 300px) 100vw, 300px\" \/><\/p>\n<p>\u201cEstamos viendo que hubo una gran respuesta por parte de los ciudadanos que actualmente no cuentan con un empleo o que buscan mejorar su econom\u00eda, la instrucci\u00f3n de nuestro Alcalde Cosme Leal, es facilitar en la medida de lo posible que la gente consiga un trabajo que le permita vivir con calidad \u00e9l o ella y su familia\u201d, dijo Javier Perales, director de Desarrollo Econ\u00f3mico.<\/p>\n<p>El funcionario municipal agradeci\u00f3 a los participantes su presencia, algunas de las empresas que se estuvieron en la Brigada del Empleo fueron Agua Star, Truxton, Shower Walls, Kairos, Flextex, Celestica, Petroqu\u00edmicos Industriales del Norte (PIN), Marvic, entre otras.<\/p>\n<p>Perales agreg\u00f3 que la dependencia a su cargo tiene contemplado hacer m\u00e1s eventos como \u00e9ste e invit\u00f3 a la ciudadan\u00eda interesada en obtener alg\u00fan empleo a que acudan en horario de oficina a la Direcci\u00f3n de Desarrollo Econ\u00f3mico de Cadereyta, ubicada en la calle Hidalgo 202 poniente en la Zona Centro o consultar las redes sociales.<\/p>\n","protected":false},"excerpt":{"rendered":"<p>Cadereyta Jim\u00e9nez, N.L.- Mas de 50 empresas locales as\u00ed como Fuerza Civil ofertaron este mi\u00e9rcoles arriba de 400 vacantes de empleo a las personas que asistieron a la Brigada del Empleo, organizada por el Gobierno de Cadereyta, en la Plaza Principal Miguel Hidalgo. &nbsp; &nbsp; &nbsp; Desde las 9:00 horas en los m\u00f3dulos instalados frente [&hellip;]<\/p>\n","protected":false},"author":9,"featured_media":43430,"comment_status":"closed","ping_status":"closed","sticky":false,"template":"","format":"standard","meta":{"footnotes":""},"categories":[17],"tags":[3840,8243,8236],"class_list":["post-43429","post","type-post","status-publish","format-standard","has-post-thumbnail","hentry","category-locales-cadereyta","tag-cadereyta-jimenez-nl","tag-ofertan-mas-de-400-vacantes","tag-ultimas-palabras"],"_links":{"self":[{"href":"https:\/\/laultimapalabra.com.mx\/portal\/wp-json\/wp\/v2\/posts\/43429","targetHints":{"allow":["GET"]}}],"collection":[{"href":"https:\/\/laultimapalabra.com.mx\/portal\/wp-json\/wp\/v2\/posts"}],"about":[{"href":"https:\/\/laultimapalabra.com.mx\/portal\/wp-json\/wp\/v2\/types\/post"}],"author":[{"embeddable":true,"href":"https:\/\/laultimapalabra.com.mx\/portal\/wp-json\/wp\/v2\/users\/9"}],"replies":[{"embeddable":true,"href":"https:\/\/laultimapalabra.com.mx\/portal\/wp-json\/wp\/v2\/comments?post=43429"}],"version-history":[{"count":2,"href":"https:\/\/laultimapalabra.com.mx\/portal\/wp-json\/wp\/v2\/posts\/43429\/revisions"}],"predecessor-version":[{"id":83777,"href":"https:\/\/laultimapalabra.com.mx\/portal\/wp-json\/wp\/v2\/posts\/43429\/revisions\/83777"}],"wp:featuredmedia":[{"embeddable":true,"href":"https:\/\/laultimapalabra.com.mx\/portal\/wp-json\/wp\/v2\/media\/43430"}],"wp:attachment":[{"href":"https:\/\/laultimapalabra.com.mx\/portal\/wp-json\/wp\/v2\/media?parent=43429"}],"wp:term":[{"taxonomy":"category","embeddable":true,"href":"https:\/\/laultimapalabra.com.mx\/portal\/wp-json\/wp\/v2\/categories?post=43429"},{"taxonomy":"post_tag","embeddable":true,"href":"https:\/\/laultimapalabra.com.mx\/portal\/wp-json\/wp\/v2\/tags?post=43429"}],"curies":[{"name":"wp","href":"https:\/\/api.w.org\/{rel}","templated":true}]}}