                       {"id":43437,"date":"2023-07-06T10:44:29","date_gmt":"2023-07-06T16:44:29","guid":{"rendered":"https:\/\/laultimapalabra.com.mx\/portal\/?p=43437"},"modified":"2024-12-11T10:44:16","modified_gmt":"2024-12-11T16:44:16","slug":"se-estrella-motociclista-en-avenida-san-roque","status":"publish","type":"post","link":"https:\/\/laultimapalabra.com.mx\/portal\/se-estrella-motociclista-en-avenida-san-roque\/","title":{"rendered":"Se estrella motociclista en avenida San Roque"},"content":{"rendered":"<p>Ju\u00e1rez, N.L.- La noche de ayer un menor result\u00f3 lesionado al estrellarse en su motocicleta en la avenida San Roque en la entrada de la colonia Monte Kristal en el Municipio de Ju\u00e1rez.<\/p>\n<p>&nbsp;<\/p>\n<p>&nbsp;<\/p>\n<p>&nbsp;<\/p>\n<p><img loading=\"lazy\" decoding=\"async\" class=\"alignnone size-medium wp-image-43439\" src=\"https:\/\/laultimapalabra.com.mx\/portal\/wp-content\/uploads\/2023\/07\/IMG-20230706-WA0004-169x300.jpg\" alt=\"\" width=\"169\" height=\"300\" srcset=\"https:\/\/laultimapalabra.com.mx\/portal\/wp-content\/uploads\/2023\/07\/IMG-20230706-WA0004-169x300.jpg 169w, https:\/\/laultimapalabra.com.mx\/portal\/wp-content\/uploads\/2023\/07\/IMG-20230706-WA0004-576x1024.jpg 576w, https:\/\/laultimapalabra.com.mx\/portal\/wp-content\/uploads\/2023\/07\/IMG-20230706-WA0004-768x1366.jpg 768w, https:\/\/laultimapalabra.com.mx\/portal\/wp-content\/uploads\/2023\/07\/IMG-20230706-WA0004-864x1536.jpg 864w, https:\/\/laultimapalabra.com.mx\/portal\/wp-content\/uploads\/2023\/07\/IMG-20230706-WA0004.jpg 899w\" sizes=\"auto, (max-width: 169px) 100vw, 169px\" \/><\/p>\n<p>Los hechos se registraron alrededor de las 9:00 de la noche en el lugar ya mencionado, al lugar arribaron param\u00e9dicos del Municipio a cargo del Director Francisco Moyar, qui\u00e9nes le brindaron la atenci\u00f3n m\u00e9dica.<\/p>\n<p>Afortunadamente no sufri\u00f3 lesiones de consideraci\u00f3n y se encontraba conciente, siendo identificado como Walter Santiago Ramos Coronado de 17 a\u00f1os de edad, quien tiene su domicilio en la colonia Los Cometas en el mismo Municipio.<\/p>\n","protected":false},"excerpt":{"rendered":"<p>Ju\u00e1rez, N.L.- La noche de ayer un menor result\u00f3 lesionado al estrellarse en su motocicleta en la avenida San Roque en la entrada de la colonia Monte Kristal en el Municipio de Ju\u00e1rez. &nbsp; &nbsp; &nbsp; Los hechos se registraron alrededor de las 9:00 de la noche en el lugar ya mencionado, al lugar arribaron [&hellip;]<\/p>\n","protected":false},"author":9,"featured_media":43438,"comment_status":"closed","ping_status":"closed","sticky":false,"template":"","format":"standard","meta":{"footnotes":""},"categories":[18],"tags":[3590,8244,8236],"class_list":["post-43437","post","type-post","status-publish","format-standard","has-post-thumbnail","hentry","category-locales-juarez","tag-juarez-nl","tag-se-estrella-motociclista","tag-ultimas-palabras"],"_links":{"self":[{"href":"https:\/\/laultimapalabra.com.mx\/portal\/wp-json\/wp\/v2\/posts\/43437","targetHints":{"allow":["GET"]}}],"collection":[{"href":"https:\/\/laultimapalabra.com.mx\/portal\/wp-json\/wp\/v2\/posts"}],"about":[{"href":"https:\/\/laultimapalabra.com.mx\/portal\/wp-json\/wp\/v2\/types\/post"}],"author":[{"embeddable":true,"href":"https:\/\/laultimapalabra.com.mx\/portal\/wp-json\/wp\/v2\/users\/9"}],"replies":[{"embeddable":true,"href":"https:\/\/laultimapalabra.com.mx\/portal\/wp-json\/wp\/v2\/comments?post=43437"}],"version-history":[{"count":2,"href":"https:\/\/laultimapalabra.com.mx\/portal\/wp-json\/wp\/v2\/posts\/43437\/revisions"}],"predecessor-version":[{"id":83781,"href":"https:\/\/laultimapalabra.com.mx\/portal\/wp-json\/wp\/v2\/posts\/43437\/revisions\/83781"}],"wp:featuredmedia":[{"embeddable":true,"href":"https:\/\/laultimapalabra.com.mx\/portal\/wp-json\/wp\/v2\/media\/43438"}],"wp:attachment":[{"href":"https:\/\/laultimapalabra.com.mx\/portal\/wp-json\/wp\/v2\/media?parent=43437"}],"wp:term":[{"taxonomy":"category","embeddable":true,"href":"https:\/\/laultimapalabra.com.mx\/portal\/wp-json\/wp\/v2\/categories?post=43437"},{"taxonomy":"post_tag","embeddable":true,"href":"https:\/\/laultimapalabra.com.mx\/portal\/wp-json\/wp\/v2\/tags?post=43437"}],"curies":[{"name":"wp","href":"https:\/\/api.w.org\/{rel}","templated":true}]}}