                       {"id":4345,"date":"2018-10-25T23:26:44","date_gmt":"2018-10-25T23:26:44","guid":{"rendered":"http:\/\/laultimapalabra.info\/?p=4345"},"modified":"2024-12-11T08:53:20","modified_gmt":"2024-12-11T14:53:20","slug":"la-guarida-del-mapache-36","status":"publish","type":"post","link":"https:\/\/laultimapalabra.com.mx\/portal\/la-guarida-del-mapache-36\/","title":{"rendered":"La Guarida del Mapache"},"content":{"rendered":"<p style=\"text-align: justify;\"><img loading=\"lazy\" decoding=\"async\" class=\"size-medium wp-image-155 alignleft\" src=\"https:\/\/laultimapalabra.com.mx\/portal\/wp-content\/uploads\/2018\/02\/mapache-300x282.jpeg\" alt=\"\" width=\"300\" height=\"282\" \/>Por: El Mapache<\/p>\n<p style=\"text-align: justify;\">\u00bfQu\u00e9 ha habido querid\u00edsima raza mapachuda? Si ya s\u00e9 que andan con todo el flow (sobre todo los de Presi) que ya van a tener jefazo nuevo la pr\u00f3xima semanuca raza, esperemos que este trienio vaya de lo mejor y que las promesas de campa\u00f1a no hayan sido s\u00f3lo eso: promesas jejeje.<br \/>\nGOOD BYE<br \/>\nY pues ya sabemos que no s\u00f3lo los manda m\u00e1s de la administration son los que se van sino que tambi\u00e9n despu\u00e9s de taaaant\u00edsimos a\u00f1os, pues hasta el Sindicato cambiar\u00e1 de jefaza, eso s\u00ed, no sabemos si eso es bueno o no, pero lo que si no puedo dejar de comentar raza, porque ya saben que yo s\u00f3lo digo lo justo, es que deseamos que nuestra Juanita GoodDays salga pronto de su malestar de salud, aunque si debemos decirle que mucha de la raza no se quedar\u00e1 con un buen recuerdo de ella.<br \/>\nINCONFORMES<br \/>\nY no me refiero s\u00f3lo a los sindicalizados, sino a los que tambi\u00e9n tienen a\u00f1os esperan una oportunidad para entrar en un huequito de esta dependencia, ya que a m\u00e1s de dos con m\u00e1s de doce y trece a\u00f1os de antig\u00fcedad de nueva cuenta los dejo esperando por su sindicalizaci\u00f3n.<br \/>\nJUSTO<br \/>\nY aunque aqu\u00ed su servilleta sabe muy bien que pues no entran todos los que quieren, pues tambi\u00e9n me llegaron muchas quejas de que hay FAMILIAS ENTERAS, si raza, que el pap\u00e1, la mam\u00e1, el hijo y ya hasta en planes esta la hija pa\u2019 meterla al sindicato jejeje esos si salieron vivillos, yo voy de acuerdo que metan a uno, \u00bfpero a todos? Digo, hay que dar chance a que otros que tambi\u00e9n lo merecen se beneficien \u00bfno creen?<br \/>\nCONGRATULATIONS<br \/>\nEso s\u00ed, hay elementos que de verdad se merecen nuestro reconocimiento y felicitaci\u00f3n como las muchachonas \u201cYesy Italiana\u201d de all\u00e1 de \u201cdesenrollo\u201d sustentable y la mera mera petatera de los \u201crugis\u201d la \u201cBella Lul\u00fa\u201d, quienes cumplieron nada m\u00e1s ni nada menos que veinte a\u00f1os de labor, mucha dedicaci\u00f3n y buen trato con esas chicas.<br \/>\nHABLANDO DE<br \/>\nY en ese tema, ah\u00ed les encargo a los compis sindicalizados que les dieron terrenitos all\u00e1 por la Bur\u00f3cratas que no sean gachos, ya que se ve que no los ocupan (aunque se supon\u00eda que s\u00ed), pues que de perdis les den una desmontada, no sean ingratos que la raza que SI VIVE ah\u00ed, pues batallan con tanta hierba y rama que provoca mosquitos y mal aspecto, de perdis mant\u00e9nganlos cuidaditos o de plano v\u00e9ndanlos si no los necesitan.<br \/>\nPOLINOVELA<br \/>\nY no porque sea policiaca raza jejeje, pero la novela pol\u00edtica de los \u00faltimos tiempos sigue en veremos, despu\u00e9s de que el martesuco pues el \u201cGordisem\u00e1foro\u201d logr\u00f3 convencer al Tribunal de que rega\u00f1ara al INE jejeje y tomaran en cuenta su inconformidad en cuanto al supuesto rebase en los gastos de campa\u00f1a de mi amigo el \u201cBigotes\u201d Quintanilla, pero pues hasta ah\u00ed llega compis, eso no quiere decir que se vaya anular nada ni que el \u201cGordito\u201d de todos los sabores y colores tenga la raz\u00f3n, estamos a\u00fan a la espera.<br \/>\nINCONGRUENTE<br \/>\nAunque como les digo, yo solo digo lo justo y eso es que si de eso se trata de anular la elecci\u00f3n y que se saque a todos los que se pasaron el tope de gastos, pues con la pena pero el \u201cGordisem\u00e1foro\u201d TAMPOCO deber\u00eda participar de nuevo, porque no nos hagamos todos juntos, que si de los c\u00e1ndidos alguien tra\u00eda lana eran ellos dos, as\u00ed que como que anda escupiendo pa\u00b4rriba el \u201cGordisem\u00e1foro\u201d.<br \/>\nPLAYERAS<br \/>\nSi no pa\u00b4 prueba un bot\u00f3n raza jejeje si ustedes vuelven a ver una playera de campa\u00f1a, ver\u00e1n que las miles de MORENA siguen intactas jejejej muy buena calidad que dio el \u201cGordisem\u00e1foro\u201d, y eso cuesta raza, ustedes saben que de los dem\u00e1s ya con 3 lavadas se desgastaban jejejeje.<br \/>\nVERDADES<br \/>\n\u00bfYa vieron que aqu\u00ed en esta columneja no decimos mentiras compis? No me digan que no se dieron cuenta jejejeje acu\u00e9rdense que les dije la semanuca pasada, que muchos de los disfuncionarios de la actual administration ya se hab\u00eda puesto a la orden de mi compi el \u201cBigotes\u201d Quintanilla, \u00bfrecuerdan? Pues ah\u00ed est\u00e1 el inge Rafita jejeje que de estar con el inge \u201cMem\u00edn\u201d hdz en \u201cDesenrrollo\u201d Sustentable ahora ser\u00e1 el mero mero petatero en la administration pr\u00f3xima a iniciar.<br \/>\nSINSURPRISES<br \/>\nY es que la verdad, los \u00faltimos nombramientos que dio mi compi \u201cBigotes\u201d pues ni nos sorprendieron tanto raza, digo era obvioooo que el Sammy Osoria iba pa\u00b4 comunicaci\u00f3n, y que la \u201cGilary\u201d Kardoza iba pa\u00b4 alg\u00fan \u201chueso\u201d bueno, no sab\u00edamos cu\u00e1l le dar\u00edan pero de que le daban, le daban compis jejeje (sin albur no sean mal pensados jejeje) y pues de Alex de Atongo, ese si no lo vislumbr\u00e1bamos pero siempre se le vio en el Green Team.<br \/>\nRECOMENDACI\u00d3N<br \/>\nYo aqu\u00ed muy en confianza compis, s\u00f3lo espero que a mi amigo el \u201cBigotes\u201d Quintanilla no este guardando entre los \u201cs\u00faper secretarios\u201d (aquellos que tienen que pasar por el Cabildo) a Carlos el cuate de \u201cBurroTello\u201d Arizpe, porque la verdad m\u00e1s que darle puntos, pues se los va a bajar, yo s\u00e9 lo que le digo jejeje que le d\u00e9 chamba si quiere, porque ya ven que el vato si no es del erario p\u00fablico pues no vive, pero no ah\u00ed, mejor que lo mantenga escondidito raza \u00bfustedes c\u00f3mo ven?<br \/>\nAMENAZAS<br \/>\nY el que sigue con las amenazas, es ni m\u00e1s ni menos que el \u201cDire\u201d de la 66, \u00a1si hombre! El que les quer\u00eda dar cari\u00f1o a las profes de dicha secu, pues seg\u00fan algunos \u201cmayestros\u201d y padre de \u201cfamily\u201d despu\u00e9s de que este tipo sali\u00f3 del plantel han estado recibiendo amenazas telef\u00f3nicas, que seguramente han de venir de este hombre y sus afines raza, porque lo que sea de cada quien, le fregaron el buen negocio que estaba haciendo el individuo, \u00bfpa que decimos que no, si s\u00ed?<br \/>\nRASTREO<br \/>\nLo bueno es que los \u201cteachers\u201d no se van a dejar, ya que piensan denunciar para que se rastreen los n\u00fameros y llegar hasta las \u00faltimas consecuencia, as\u00ed que \u00a1aguas! Pal profe y los que lo est\u00e9n ayudando raza, no vayan a ir a parar hasta el bote.<br \/>\nCONRIS<br \/>\nY en esto de las escuelas no es por nada pero se encuentra uno con cada tranza raza, que ya voy viendo porque se pelean de lo lindo ya sea para agarrar las \u201cdire\u201d o las mesas directivas de padres de \u201cfamily\u201d, siendo otro caso el de la Secu M. Campos, donde el Conris sigue dando de qu\u00e9 hablar, ya que me dijeron por ah\u00ed que ya le suspendieron los pagos y no se ve que le vaya a ir muy bien en el futuro porque le anda peligrando la plaza y su jubilaci\u00f3n, si les digo, eso de andar de tranzas y abusivos no deja pero si nada bueno compis.<br \/>\nOCUPADO<br \/>\nY bueno, los dejo por este viernesuco porque voy de invitado especial al \u00faltimo informe de la actual administration raza, amos a ver qu\u00e9 de nuevo nos traen jejeje y no se les olvide que el domingo amanecemos con un nuevo horario m\u00e1s amigable jejeje que tenga muy buen weekend compis\u2026 La vemos.<\/p>\n","protected":false},"excerpt":{"rendered":"<p>Por: El Mapache \u00bfQu\u00e9 ha habido querid\u00edsima raza mapachuda? Si ya s\u00e9 que andan con todo el flow (sobre todo los de Presi) que ya van a tener jefazo nuevo la pr\u00f3xima semanuca raza, esperemos que este trienio vaya de lo mejor y que las promesas de campa\u00f1a no hayan sido s\u00f3lo eso: promesas jejeje. [&hellip;]<\/p>\n","protected":false},"author":9,"featured_media":155,"comment_status":"open","ping_status":"closed","sticky":false,"template":"","format":"standard","meta":{"footnotes":""},"categories":[1],"tags":[939,1382],"class_list":["post-4345","post","type-post","status-publish","format-standard","has-post-thumbnail","hentry","category-noticias","tag-el-mapache","tag-la-guarida-del-mapache"],"_links":{"self":[{"href":"https:\/\/laultimapalabra.com.mx\/portal\/wp-json\/wp\/v2\/posts\/4345","targetHints":{"allow":["GET"]}}],"collection":[{"href":"https:\/\/laultimapalabra.com.mx\/portal\/wp-json\/wp\/v2\/posts"}],"about":[{"href":"https:\/\/laultimapalabra.com.mx\/portal\/wp-json\/wp\/v2\/types\/post"}],"author":[{"embeddable":true,"href":"https:\/\/laultimapalabra.com.mx\/portal\/wp-json\/wp\/v2\/users\/9"}],"replies":[{"embeddable":true,"href":"https:\/\/laultimapalabra.com.mx\/portal\/wp-json\/wp\/v2\/comments?post=4345"}],"version-history":[{"count":1,"href":"https:\/\/laultimapalabra.com.mx\/portal\/wp-json\/wp\/v2\/posts\/4345\/revisions"}],"predecessor-version":[{"id":65346,"href":"https:\/\/laultimapalabra.com.mx\/portal\/wp-json\/wp\/v2\/posts\/4345\/revisions\/65346"}],"wp:featuredmedia":[{"embeddable":true,"href":"https:\/\/laultimapalabra.com.mx\/portal\/wp-json\/"}],"wp:attachment":[{"href":"https:\/\/laultimapalabra.com.mx\/portal\/wp-json\/wp\/v2\/media?parent=4345"}],"wp:term":[{"taxonomy":"category","embeddable":true,"href":"https:\/\/laultimapalabra.com.mx\/portal\/wp-json\/wp\/v2\/categories?post=4345"},{"taxonomy":"post_tag","embeddable":true,"href":"https:\/\/laultimapalabra.com.mx\/portal\/wp-json\/wp\/v2\/tags?post=4345"}],"curies":[{"name":"wp","href":"https:\/\/api.w.org\/{rel}","templated":true}]}}