                       {"id":43461,"date":"2023-07-06T13:38:24","date_gmt":"2023-07-06T19:38:24","guid":{"rendered":"https:\/\/laultimapalabra.com.mx\/portal\/?p=43461"},"modified":"2024-12-11T10:44:16","modified_gmt":"2024-12-11T16:44:16","slug":"nueva-red-social-threads-alcanza-los-30-millones-de-usuarios","status":"publish","type":"post","link":"https:\/\/laultimapalabra.com.mx\/portal\/nueva-red-social-threads-alcanza-los-30-millones-de-usuarios\/","title":{"rendered":"Nueva red social Threads alcanza los 30 millones de usuarios"},"content":{"rendered":"<p>Nueva York.- La nueva red social de Meta para competir con Twitter, Threads, alcanz\u00f3 30 millones de abonados este jueves, menos de un d\u00eda despu\u00e9s de su lanzamiento, anunci\u00f3 el CEO del grupo, Mark Zuckerberg.<\/p>\n<p>La aplicaci\u00f3n, que fue lanzada el mi\u00e9rcoles a las 23:00 GMT en cien pa\u00edses y que funciona por el momento sin avisos publicitarios, es la amenaza m\u00e1s grande hasta el momento para Twitter, propiedad de Elon Musk, debilitado ya por diferentes razones.<\/p>\n<p>&#8220;Hag\u00e1moslo. Bienvenidos a Threads&#8221;, escribi\u00f3 Zuckerberg en su cuenta al lanzar la nueva plataforma.<\/p>\n<p>&#8220;Wow, 30 millones de cuentas&#8221;, anunci\u00f3 este jueves poco despu\u00e9s de las 15:00 GMT.<\/p>\n<p>&#8220;Se dir\u00eda que estamos ante algo excepcional, pero tenemos todav\u00eda mucho trabajo por delante para construir la aplicaci\u00f3n&#8221;.<\/p>\n<p>M\u00e1s temprano hab\u00eda desafiado a Musk: &#8220;Va a llevar algo de tiempo, pero creo que deber\u00eda haber una plataforma de conversaciones p\u00fablicas con m\u00e1s de mil millones de personas. Twitter tuvo la oportunidad de hacerlo, pero no di\u00f3 en el clavo. Ojal\u00e1 nosotros s\u00ed&#8221;.<\/p>\n<p>Y en su primer tuit en m\u00e1s de una d\u00e9cada, public\u00f3 una imagen donde se ve a un hombre ara\u00f1a se\u00f1alando a otro, en una aparente referencia al parecido entre las dos redes sociales.<\/p>\n<p>FUENTE: LA JORNADA<\/p>\n<p>foto: la jornada<\/p>\n","protected":false},"excerpt":{"rendered":"<p>Nueva York.- La nueva red social de Meta para competir con Twitter, Threads, alcanz\u00f3 30 millones de abonados este jueves, menos de un d\u00eda despu\u00e9s de su lanzamiento, anunci\u00f3 el CEO del grupo, Mark Zuckerberg. La aplicaci\u00f3n, que fue lanzada el mi\u00e9rcoles a las 23:00 GMT en cien pa\u00edses y que funciona por el momento [&hellip;]<\/p>\n","protected":false},"author":9,"featured_media":43462,"comment_status":"closed","ping_status":"closed","sticky":false,"template":"","format":"standard","meta":{"footnotes":""},"categories":[16],"tags":[8251,8252,8250,4229,5859],"class_list":["post-43461","post","type-post","status-publish","format-standard","has-post-thumbnail","hentry","category-internacional","tag-30-millones","tag-aplicacion","tag-threads","tag-twitter","tag-ultimas-noticias"],"_links":{"self":[{"href":"https:\/\/laultimapalabra.com.mx\/portal\/wp-json\/wp\/v2\/posts\/43461","targetHints":{"allow":["GET"]}}],"collection":[{"href":"https:\/\/laultimapalabra.com.mx\/portal\/wp-json\/wp\/v2\/posts"}],"about":[{"href":"https:\/\/laultimapalabra.com.mx\/portal\/wp-json\/wp\/v2\/types\/post"}],"author":[{"embeddable":true,"href":"https:\/\/laultimapalabra.com.mx\/portal\/wp-json\/wp\/v2\/users\/9"}],"replies":[{"embeddable":true,"href":"https:\/\/laultimapalabra.com.mx\/portal\/wp-json\/wp\/v2\/comments?post=43461"}],"version-history":[{"count":2,"href":"https:\/\/laultimapalabra.com.mx\/portal\/wp-json\/wp\/v2\/posts\/43461\/revisions"}],"predecessor-version":[{"id":83795,"href":"https:\/\/laultimapalabra.com.mx\/portal\/wp-json\/wp\/v2\/posts\/43461\/revisions\/83795"}],"wp:featuredmedia":[{"embeddable":true,"href":"https:\/\/laultimapalabra.com.mx\/portal\/wp-json\/wp\/v2\/media\/43462"}],"wp:attachment":[{"href":"https:\/\/laultimapalabra.com.mx\/portal\/wp-json\/wp\/v2\/media?parent=43461"}],"wp:term":[{"taxonomy":"category","embeddable":true,"href":"https:\/\/laultimapalabra.com.mx\/portal\/wp-json\/wp\/v2\/categories?post=43461"},{"taxonomy":"post_tag","embeddable":true,"href":"https:\/\/laultimapalabra.com.mx\/portal\/wp-json\/wp\/v2\/tags?post=43461"}],"curies":[{"name":"wp","href":"https:\/\/api.w.org\/{rel}","templated":true}]}}