                       {"id":43531,"date":"2023-07-07T19:40:36","date_gmt":"2023-07-08T01:40:36","guid":{"rendered":"https:\/\/laultimapalabra.com.mx\/portal\/?p=43531"},"modified":"2024-12-11T10:44:17","modified_gmt":"2024-12-11T16:44:17","slug":"detienen-a-ocho-con-droga-en-cadereyta","status":"publish","type":"post","link":"https:\/\/laultimapalabra.com.mx\/portal\/detienen-a-ocho-con-droga-en-cadereyta\/","title":{"rendered":"Detienen a ocho con droga en Cadereyta"},"content":{"rendered":"\n<p>Cadereyta Jim\u00e9nez, N.L.- Elementos de Polic\u00eda de Cadereyta detuvieron a ocho personas con droga durante sus labores de patrullaje y vigilancia.<br \/>Los hechos se dieron cuando los efectivos circulaban sobre la carretera Monterrey \u2013 Reynosa a la altura de la colonia Palmanova y visualizaron un veh\u00edculo tipo Pick up en color guindo, el cual circulaba a exceso de velocidad y con las luces principales apagadas.<br \/>Por lo que al marcarles el alto, el conductor aceler\u00f3 la marcha realizando zigzagueo poniendo en peligro la integridad de las personas que viajaban en el citado veh\u00edculo e intent\u00f3 darse a la fuga.<br \/>Ante lo que los elementos de Polic\u00eda d\u00e1ndoles alcance metros m\u00e1s adelante no s\u00f3lo se enfrentaron a los ocupantes del veh\u00edculo, sino tambi\u00e9n a familiares que viajaban a bordo de un veh\u00edculo tipo Ford Ranger Blanca.<br \/>Ante tal situaci\u00f3n los elementos de Policia lograron controlar la situaci\u00f3n, y al realizarles una inspecci\u00f3n corporal se les encontr\u00f3 entre su ropa envoltorios de sustancia il\u00edcita con las caracter\u00edsticas del cristal, as\u00ed como envoltorios de hierba verde y seca con las caracter\u00edsticas de la marihuana.<br \/>Siendo detenidos quienes se identificaron como Luis de 51 a\u00f1os de edad, Sonia de 45, Maria de 46, Armando de 54, Dylan de 19, Erick de 24, Claudia de 28 y Jorge de 30; todos con domicilio en el vecino Municipio de Ju\u00e1rez,Nuevo Le\u00f3n siendo trasladados al Ministerio P\u00fablico, autoridad responsable de llevar a cabo su proceso legal que les resulte.<\/p>\n\r\n","protected":false},"excerpt":{"rendered":"<p>Cadereyta Jim\u00e9nez, N.L.- Elementos de Polic\u00eda de Cadereyta detuvieron a ocho personas con droga durante sus labores de patrullaje y vigilancia.Los hechos se dieron cuando los efectivos circulaban sobre la carretera Monterrey \u2013 Reynosa a la altura de la colonia Palmanova y visualizaron un veh\u00edculo tipo Pick up en color guindo, el cual circulaba a [&hellip;]<\/p>\n","protected":false},"author":7,"featured_media":43530,"comment_status":"closed","ping_status":"closed","sticky":false,"template":"","format":"standard","meta":{"footnotes":""},"categories":[1],"tags":[8284,4213,4250,8017,1807],"class_list":["post-43531","post","type-post","status-publish","format-standard","has-post-thumbnail","hentry","category-noticias","tag-8-detenidos","tag-detenidos","tag-drogas","tag-ministerio-publico","tag-policia-cadereyta"],"_links":{"self":[{"href":"https:\/\/laultimapalabra.com.mx\/portal\/wp-json\/wp\/v2\/posts\/43531","targetHints":{"allow":["GET"]}}],"collection":[{"href":"https:\/\/laultimapalabra.com.mx\/portal\/wp-json\/wp\/v2\/posts"}],"about":[{"href":"https:\/\/laultimapalabra.com.mx\/portal\/wp-json\/wp\/v2\/types\/post"}],"author":[{"embeddable":true,"href":"https:\/\/laultimapalabra.com.mx\/portal\/wp-json\/wp\/v2\/users\/7"}],"replies":[{"embeddable":true,"href":"https:\/\/laultimapalabra.com.mx\/portal\/wp-json\/wp\/v2\/comments?post=43531"}],"version-history":[{"count":2,"href":"https:\/\/laultimapalabra.com.mx\/portal\/wp-json\/wp\/v2\/posts\/43531\/revisions"}],"predecessor-version":[{"id":83835,"href":"https:\/\/laultimapalabra.com.mx\/portal\/wp-json\/wp\/v2\/posts\/43531\/revisions\/83835"}],"wp:featuredmedia":[{"embeddable":true,"href":"https:\/\/laultimapalabra.com.mx\/portal\/wp-json\/wp\/v2\/media\/43530"}],"wp:attachment":[{"href":"https:\/\/laultimapalabra.com.mx\/portal\/wp-json\/wp\/v2\/media?parent=43531"}],"wp:term":[{"taxonomy":"category","embeddable":true,"href":"https:\/\/laultimapalabra.com.mx\/portal\/wp-json\/wp\/v2\/categories?post=43531"},{"taxonomy":"post_tag","embeddable":true,"href":"https:\/\/laultimapalabra.com.mx\/portal\/wp-json\/wp\/v2\/tags?post=43531"}],"curies":[{"name":"wp","href":"https:\/\/api.w.org\/{rel}","templated":true}]}}