                       {"id":43551,"date":"2023-07-09T22:35:03","date_gmt":"2023-07-10T04:35:03","guid":{"rendered":"https:\/\/laultimapalabra.com.mx\/portal\/?p=43551"},"modified":"2024-12-11T10:44:17","modified_gmt":"2024-12-11T16:44:17","slug":"resulta-prensado-en-choque-frontal","status":"publish","type":"post","link":"https:\/\/laultimapalabra.com.mx\/portal\/resulta-prensado-en-choque-frontal\/","title":{"rendered":"Resulta prensado en choque frontal"},"content":{"rendered":"\n<p>Cadereyta Jim\u00e9nez, N.L.-Un fuerte choque frontal dej\u00f3 como saldo a un hombre lesionado de gravedad, tras quedar prensado por varios minutos, en el municipio de Cadereyta.<br \/>El aparatoso percance se registr\u00f3 en la calle Cuauht\u00e9moc, en su cruce con la calle Iturbide a unos metros del puente G\u00f3mez Mor\u00edn.<br \/>Hasta el momento se desconoce la causa que origin\u00f3 el aparatoso percance, donde el conductor de una camioneta tipo Tornado en color rojo, qued\u00f3 prensado tras impactarse contra un autob\u00fas de la l\u00ednea Interenlace.<br \/>Param\u00e9dicos de Servicios de Emergencia Cadereyta, acudieron al sitio con el equipo de rescate urbano para liberar la pierna del conductor de la camioneta, quien hasta el momento no esta identificado, para despu\u00e9s trasladarlo hacia un hospital.<br \/>La zona fue abanderada por elementos de Tr\u00e1nsito Municipal mientras se realizaban los trabajos correspondientes.<\/p>\n\n\n\n<figure class=\"wp-block-image size-large\"><img loading=\"lazy\" decoding=\"async\" width=\"576\" height=\"1024\" src=\"https:\/\/laultimapalabra.com.mx\/portal\/wp-content\/uploads\/2023\/07\/IMG-20230709-WA00511-576x1024.jpg\" alt=\"\" class=\"wp-image-43559\" srcset=\"https:\/\/laultimapalabra.com.mx\/portal\/wp-content\/uploads\/2023\/07\/IMG-20230709-WA00511-576x1024.jpg 576w, https:\/\/laultimapalabra.com.mx\/portal\/wp-content\/uploads\/2023\/07\/IMG-20230709-WA00511-169x300.jpg 169w, https:\/\/laultimapalabra.com.mx\/portal\/wp-content\/uploads\/2023\/07\/IMG-20230709-WA00511-768x1365.jpg 768w, https:\/\/laultimapalabra.com.mx\/portal\/wp-content\/uploads\/2023\/07\/IMG-20230709-WA00511-864x1536.jpg 864w, https:\/\/laultimapalabra.com.mx\/portal\/wp-content\/uploads\/2023\/07\/IMG-20230709-WA00511.jpg 900w\" sizes=\"auto, (max-width: 576px) 100vw, 576px\" \/><\/figure>\n\n\n\n<figure class=\"wp-block-image\"><img loading=\"lazy\" decoding=\"async\" width=\"1024\" height=\"461\" src=\"https:\/\/laultimapalabra.com.mx\/portal\/wp-content\/uploads\/2023\/07\/IMG-20230709-WA0050-1024x461.jpg\" alt=\"\" class=\"wp-image-43556\" srcset=\"https:\/\/laultimapalabra.com.mx\/portal\/wp-content\/uploads\/2023\/07\/IMG-20230709-WA0050-1024x461.jpg 1024w, https:\/\/laultimapalabra.com.mx\/portal\/wp-content\/uploads\/2023\/07\/IMG-20230709-WA0050-300x135.jpg 300w, https:\/\/laultimapalabra.com.mx\/portal\/wp-content\/uploads\/2023\/07\/IMG-20230709-WA0050-768x346.jpg 768w, https:\/\/laultimapalabra.com.mx\/portal\/wp-content\/uploads\/2023\/07\/IMG-20230709-WA0050-1536x691.jpg 1536w, https:\/\/laultimapalabra.com.mx\/portal\/wp-content\/uploads\/2023\/07\/IMG-20230709-WA0050.jpg 1600w\" sizes=\"auto, (max-width: 1024px) 100vw, 1024px\" \/><\/figure>\n\n\n\n<figure class=\"wp-block-image\"><img loading=\"lazy\" decoding=\"async\" width=\"1024\" height=\"461\" src=\"https:\/\/laultimapalabra.com.mx\/portal\/wp-content\/uploads\/2023\/07\/IMG-20230709-WA00481-1024x461.jpg\" alt=\"\" class=\"wp-image-43558\" srcset=\"https:\/\/laultimapalabra.com.mx\/portal\/wp-content\/uploads\/2023\/07\/IMG-20230709-WA00481-1024x461.jpg 1024w, https:\/\/laultimapalabra.com.mx\/portal\/wp-content\/uploads\/2023\/07\/IMG-20230709-WA00481-300x135.jpg 300w, https:\/\/laultimapalabra.com.mx\/portal\/wp-content\/uploads\/2023\/07\/IMG-20230709-WA00481-768x346.jpg 768w, https:\/\/laultimapalabra.com.mx\/portal\/wp-content\/uploads\/2023\/07\/IMG-20230709-WA00481-1536x691.jpg 1536w, https:\/\/laultimapalabra.com.mx\/portal\/wp-content\/uploads\/2023\/07\/IMG-20230709-WA00481.jpg 1600w\" sizes=\"auto, (max-width: 1024px) 100vw, 1024px\" \/><\/figure>\n\n\n\n<figure class=\"wp-block-image\"><img loading=\"lazy\" decoding=\"async\" width=\"1024\" height=\"461\" src=\"https:\/\/laultimapalabra.com.mx\/portal\/wp-content\/uploads\/2023\/07\/IMG-20230709-WA0049-1024x461.jpg\" alt=\"\" class=\"wp-image-43557\" srcset=\"https:\/\/laultimapalabra.com.mx\/portal\/wp-content\/uploads\/2023\/07\/IMG-20230709-WA0049-1024x461.jpg 1024w, https:\/\/laultimapalabra.com.mx\/portal\/wp-content\/uploads\/2023\/07\/IMG-20230709-WA0049-300x135.jpg 300w, https:\/\/laultimapalabra.com.mx\/portal\/wp-content\/uploads\/2023\/07\/IMG-20230709-WA0049-768x346.jpg 768w, https:\/\/laultimapalabra.com.mx\/portal\/wp-content\/uploads\/2023\/07\/IMG-20230709-WA0049-1536x691.jpg 1536w, https:\/\/laultimapalabra.com.mx\/portal\/wp-content\/uploads\/2023\/07\/IMG-20230709-WA0049.jpg 1600w\" sizes=\"auto, (max-width: 1024px) 100vw, 1024px\" \/><\/figure>\n\n\n\r\n","protected":false},"excerpt":{"rendered":"<p>Cadereyta Jim\u00e9nez, N.L.-Un fuerte choque frontal dej\u00f3 como saldo a un hombre lesionado de gravedad, tras quedar prensado por varios minutos, en el municipio de Cadereyta.El aparatoso percance se registr\u00f3 en la calle Cuauht\u00e9moc, en su cruce con la calle Iturbide a unos metros del puente G\u00f3mez Mor\u00edn.Hasta el momento se desconoce la causa que [&hellip;]<\/p>\n","protected":false},"author":7,"featured_media":43555,"comment_status":"closed","ping_status":"closed","sticky":false,"template":"","format":"standard","meta":{"footnotes":""},"categories":[1,9],"tags":[4394,5128,7684],"class_list":["post-43551","post","type-post","status-publish","format-standard","has-post-thumbnail","hentry","category-noticias","category-seguridad-cadereyta","tag-choque-frontal","tag-lesionado","tag-transito-municipal"],"_links":{"self":[{"href":"https:\/\/laultimapalabra.com.mx\/portal\/wp-json\/wp\/v2\/posts\/43551","targetHints":{"allow":["GET"]}}],"collection":[{"href":"https:\/\/laultimapalabra.com.mx\/portal\/wp-json\/wp\/v2\/posts"}],"about":[{"href":"https:\/\/laultimapalabra.com.mx\/portal\/wp-json\/wp\/v2\/types\/post"}],"author":[{"embeddable":true,"href":"https:\/\/laultimapalabra.com.mx\/portal\/wp-json\/wp\/v2\/users\/7"}],"replies":[{"embeddable":true,"href":"https:\/\/laultimapalabra.com.mx\/portal\/wp-json\/wp\/v2\/comments?post=43551"}],"version-history":[{"count":3,"href":"https:\/\/laultimapalabra.com.mx\/portal\/wp-json\/wp\/v2\/posts\/43551\/revisions"}],"predecessor-version":[{"id":83845,"href":"https:\/\/laultimapalabra.com.mx\/portal\/wp-json\/wp\/v2\/posts\/43551\/revisions\/83845"}],"wp:featuredmedia":[{"embeddable":true,"href":"https:\/\/laultimapalabra.com.mx\/portal\/wp-json\/wp\/v2\/media\/43555"}],"wp:attachment":[{"href":"https:\/\/laultimapalabra.com.mx\/portal\/wp-json\/wp\/v2\/media?parent=43551"}],"wp:term":[{"taxonomy":"category","embeddable":true,"href":"https:\/\/laultimapalabra.com.mx\/portal\/wp-json\/wp\/v2\/categories?post=43551"},{"taxonomy":"post_tag","embeddable":true,"href":"https:\/\/laultimapalabra.com.mx\/portal\/wp-json\/wp\/v2\/tags?post=43551"}],"curies":[{"name":"wp","href":"https:\/\/api.w.org\/{rel}","templated":true}]}}