                       {"id":43575,"date":"2023-07-10T11:08:16","date_gmt":"2023-07-10T17:08:16","guid":{"rendered":"https:\/\/laultimapalabra.com.mx\/portal\/?p=43575"},"modified":"2024-12-11T10:44:18","modified_gmt":"2024-12-11T16:44:18","slug":"reitera-amlo-pesar-por-fallecimiento-de-munoz-ledo","status":"publish","type":"post","link":"https:\/\/laultimapalabra.com.mx\/portal\/reitera-amlo-pesar-por-fallecimiento-de-munoz-ledo\/","title":{"rendered":"Reitera AMLO pesar por fallecimiento de Mu\u00f1oz Ledo"},"content":{"rendered":"<p>CDMX.- El presidente Andr\u00e9s Manuel L\u00f3pez Obrador reiter\u00f3 su pesar por el fallecimiento de Porfirio Mu\u00f1oz Ledo, durante su conferencia matutina, donde reprodujo el mensaje en redes sociales que envi\u00f3 este domingo cuando ocurri\u00f3 el deceso.<\/p>\n<p>\u201cAyer dimos a conocer un mensaje que quiero repetir ahora, dijo: \u2018lamento el fallecimiento de Porfirio Mu\u00f1oz Ledo con quien por mucho tiempo tuve coincidencias. Las discrepancias recientes no borran los buenos y largos momentos de amistad y compa\u00f1erismo. Mucho menos su legado pol\u00edtico, Abrazos solidarios\u201d.<\/p>\n<p>FUENTE: LA JORNADA<\/p>\n<p>foto: la jornada<\/p>\n","protected":false},"excerpt":{"rendered":"<p>CDMX.- El presidente Andr\u00e9s Manuel L\u00f3pez Obrador reiter\u00f3 su pesar por el fallecimiento de Porfirio Mu\u00f1oz Ledo, durante su conferencia matutina, donde reprodujo el mensaje en redes sociales que envi\u00f3 este domingo cuando ocurri\u00f3 el deceso. \u201cAyer dimos a conocer un mensaje que quiero repetir ahora, dijo: \u2018lamento el fallecimiento de Porfirio Mu\u00f1oz Ledo con [&hellip;]<\/p>\n","protected":false},"author":9,"featured_media":43576,"comment_status":"closed","ping_status":"closed","sticky":false,"template":"","format":"standard","meta":{"footnotes":""},"categories":[19],"tags":[124,5217,8297,8296,5859],"class_list":["post-43575","post","type-post","status-publish","format-standard","has-post-thumbnail","hentry","category-nacional","tag-amlo","tag-fallecimiento","tag-mensaje","tag-munozledo","tag-ultimas-noticias"],"_links":{"self":[{"href":"https:\/\/laultimapalabra.com.mx\/portal\/wp-json\/wp\/v2\/posts\/43575","targetHints":{"allow":["GET"]}}],"collection":[{"href":"https:\/\/laultimapalabra.com.mx\/portal\/wp-json\/wp\/v2\/posts"}],"about":[{"href":"https:\/\/laultimapalabra.com.mx\/portal\/wp-json\/wp\/v2\/types\/post"}],"author":[{"embeddable":true,"href":"https:\/\/laultimapalabra.com.mx\/portal\/wp-json\/wp\/v2\/users\/9"}],"replies":[{"embeddable":true,"href":"https:\/\/laultimapalabra.com.mx\/portal\/wp-json\/wp\/v2\/comments?post=43575"}],"version-history":[{"count":2,"href":"https:\/\/laultimapalabra.com.mx\/portal\/wp-json\/wp\/v2\/posts\/43575\/revisions"}],"predecessor-version":[{"id":83857,"href":"https:\/\/laultimapalabra.com.mx\/portal\/wp-json\/wp\/v2\/posts\/43575\/revisions\/83857"}],"wp:featuredmedia":[{"embeddable":true,"href":"https:\/\/laultimapalabra.com.mx\/portal\/wp-json\/wp\/v2\/media\/43576"}],"wp:attachment":[{"href":"https:\/\/laultimapalabra.com.mx\/portal\/wp-json\/wp\/v2\/media?parent=43575"}],"wp:term":[{"taxonomy":"category","embeddable":true,"href":"https:\/\/laultimapalabra.com.mx\/portal\/wp-json\/wp\/v2\/categories?post=43575"},{"taxonomy":"post_tag","embeddable":true,"href":"https:\/\/laultimapalabra.com.mx\/portal\/wp-json\/wp\/v2\/tags?post=43575"}],"curies":[{"name":"wp","href":"https:\/\/api.w.org\/{rel}","templated":true}]}}