                       {"id":43578,"date":"2023-07-10T11:15:35","date_gmt":"2023-07-10T17:15:35","guid":{"rendered":"https:\/\/laultimapalabra.com.mx\/portal\/?p=43578"},"modified":"2024-12-11T10:44:18","modified_gmt":"2024-12-11T16:44:18","slug":"43578-2","status":"publish","type":"post","link":"https:\/\/laultimapalabra.com.mx\/portal\/43578-2\/","title":{"rendered":"Corroboran que sustrajeron materiales period\u00edsticos del corresponsal de &#8220;La Jornada&#8221;"},"content":{"rendered":"<p>San Miguel Acaponeta, Nay.- La ma\u00f1ana del mi\u00e9rcoles 5 de julio Luis Mart\u00edn S\u00e1nchez \u00cd\u00f1iguez, corresponsal de La Jornada, envi\u00f3 a su familia mensajes con frases motivacionales, como era su costumbre.<\/p>\n<p>Los d\u00edas que \u00e9l reporteaba en Tepic se \u201creportaba\u201d sin falta con sus hijos enviando los mensajes y hab\u00eda ocasiones en que pod\u00eda escribirles tambi\u00e9n por la tarde.<\/p>\n<p>Tres de los \u00faltimos mensajes matutinos a su familia fueron: \u201cPocos ven lo que somos, pero todos ven lo que aparentamos. Nicol\u00e1s Maquiavelo\u201d, \u201cNo escuchen lo que dicen, observen lo que hacen\u201d, \u201cLo que somos hoy proviene de nuestros pensamientos de ayer, y nuestros pensamientos actuales construyen nuestra vida de ma\u00f1ana. Nuestra vida es la creaci\u00f3n de nuestra mente\u201d.<\/p>\n<p>Pero con su esposa no, con ella lo hac\u00eda de manera inalterable.<\/p>\n<p>Todos los d\u00edas y sin omisi\u00f3n le informaba qu\u00e9 har\u00eda, si deb\u00eda acudir a alg\u00fan lugar le reportaba d\u00f3nde estaba o se dirig\u00eda.<\/p>\n<p>Lo mismo hac\u00eda al terminar el d\u00eda.<\/p>\n<p>La noche del mi\u00e9rcoles ya no se comunic\u00f3.<\/p>\n<p>La ma\u00f1ana del jueves los integrantes de su familia se preguntaron unos a otros si Luis Mart\u00edn les hab\u00eda mandado mensajes.<\/p>\n<p>Todos coincidieron: nada.<\/p>\n<p>Su hija le escribi\u00f3 un mensaje que era para calmar nuestra inquietud, pero tambi\u00e9n una manera de alerta: \u2018\u00bftodo bien?\u2019\u201d No hubo respuesta.<\/p>\n<p>Entonces comenz\u00f3 la incertidumbre y la familia empez\u00f3 a preguntar a los conocidos de Luis Mart\u00edn si sab\u00edan algo de \u00e9l.<\/p>\n<p>Luego fueron a la casa que habitaba el corresponsal de La Jornada en la comunidad de El Armadillo. Una vivienda de dos niveles, con dos rec\u00e1maras.<\/p>\n<p>Uno de los espacios era su dormitorio y el otro lo ocupaba como oficina.<\/p>\n<p>Luis Mart\u00edn y su esposa acordaron que ninguno mover\u00eda las cosas del otro.<\/p>\n<p>En lo que era la oficina hab\u00eda dos cosas de la esposa de Luis Mart\u00edn: un cargador para celular y una chamarra.<\/p>\n<p>Todo lo dem\u00e1s eran materiales del periodista.<\/p>\n<p>De acuerdo con informaci\u00f3n que se hizo del conocimiento de la Fiscal\u00eda General de Justicia de Nayarit (FGJN), cuando la familia fue a revisar la casa, sobre la mesa del comedor encontraron un vaso vac\u00edo y un plato con un s\u00e1ndwich intacto.<\/p>\n<p>Luis Mart\u00edn acostumbraba cenar dos tortas o dos s\u00e1ndwiches y los acompa\u00f1aba con agua.<\/p>\n<p>Localizaron el pantal\u00f3n que vest\u00eda el mi\u00e9rcoles, cuando parti\u00f3 de su domicilio en la comunidad de San Miguel, y viaj\u00f3 en cami\u00f3n a Tepic, ubicado a casi 100 kil\u00f3metros de la capital nayarita.<\/p>\n<p>Durante la revisi\u00f3n que hizo la familia detect\u00f3 que el cargador no estaba y la chamarra fue descolgada y aventada en la otra rec\u00e1mara.<\/p>\n<p>La cartera de Luis Mart\u00edn estaba intacta sobre un mueble.<\/p>\n<p>S\u00f3lo faltaba el gafete que lo identificaba como reportero de La Jornada.<\/p>\n<p>El tel\u00e9fono, seg\u00fan los registros de los celulares de su familia, tuvo su \u00faltima conexi\u00f3n alrededor de las 20:50 horas del mi\u00e9rcoles.<\/p>\n<p>En la rec\u00e1mara que serv\u00eda de oficina no se encontr\u00f3 su computadora ni el celular.<\/p>\n<p>Pero s\u00ed llam\u00f3 la atenci\u00f3n que una silla estaba colocada contra un estante. En la parte superior de ese mueble Luis Mart\u00edn ten\u00eda una caja con discos duros con la informaci\u00f3n que durante mucho tiempo hab\u00eda obtenido. La caja tampoco fue encontrada.<\/p>\n<p>El viernes 7, la familia del periodista asesinado acudi\u00f3 a la FGJN a presentar la denuncia por desaparici\u00f3n, y se activaron los protocolos de alertamiento y b\u00fasqueda.<\/p>\n<p>De acuerdo con informaci\u00f3n del fiscal Petronilo D\u00edaz Ponce Medrano, los peritajes iniciales refieren que el domicilio no fue allanado, ni las cerraduras forzadas ni se encontr\u00f3 que se hubiera ingresado escalando las paredes del inmueble.<\/p>\n<p>Entre las versiones recabadas por las autoridades, surgi\u00f3 la informaci\u00f3n que refiere que afuera del domicilio se estacion\u00f3 una camioneta con varios hombres y all\u00ed pas\u00f3 m\u00e1s de media hora.<\/p>\n<p>Las l\u00edneas de investigaci\u00f3n incluyen la posibilidad de que Mart\u00edn, quien presuntamente vest\u00eda un short el mi\u00e9rcoles, suspendi\u00f3 su cena, le abri\u00f3 la puerta a alguien conocido y luego fue sacado por sus agresores.<\/p>\n<p>La falta del cargador, la chamarra aventada y la desaparici\u00f3n del gafete de La Jornada han sido interpretados como hechos para dar indicios de lo que sucedi\u00f3 esa noche.<\/p>\n<p>Luis Mart\u00edn dijo en alguna ocasi\u00f3n a su familia que si algo le suced\u00eda era por todo lo que investigaba, que si llegaba a desaparecer y les llamaban, no respondieran.<\/p>\n<p>Que quienes lo atacaron no obtendr\u00edan nada de \u00e9l.<\/p>\n<p>\u201cQue no nos meti\u00e9ramos, porque s\u00f3lo \u00e9l conoc\u00eda sus cosas, y nadie las tocaba\u201d.<\/p>\n<p>Desde hace cinco a\u00f1os, Luis Mart\u00edn pidi\u00f3 a su familia que su l\u00e1pida tuviera como epitafio: \u201cNunca persegu\u00ed la gloria\u201d.<\/p>\n<p>El cuerpo del periodista fue hallado sin vida en la comunidad del Ahuacate, una zona rural del municipio de Tepic.<\/p>\n<p>Los peritajes refieren que su muerte se debi\u00f3 a un choque hipovol\u00e9mico provocado por una gran cantidad de golpes en el t\u00f3rax.<\/p>\n<p>FUENTE: LA JORNADA<\/p>\n<p>foto: la jornada<\/p>\n","protected":false},"excerpt":{"rendered":"<p>San Miguel Acaponeta, Nay.- La ma\u00f1ana del mi\u00e9rcoles 5 de julio Luis Mart\u00edn S\u00e1nchez \u00cd\u00f1iguez, corresponsal de La Jornada, envi\u00f3 a su familia mensajes con frases motivacionales, como era su costumbre. Los d\u00edas que \u00e9l reporteaba en Tepic se \u201creportaba\u201d sin falta con sus hijos enviando los mensajes y hab\u00eda ocasiones en que pod\u00eda escribirles [&hellip;]<\/p>\n","protected":false},"author":9,"featured_media":43579,"comment_status":"closed","ping_status":"closed","sticky":false,"template":"","format":"standard","meta":{"footnotes":""},"categories":[19],"tags":[8298,4324,7244,5859],"class_list":["post-43578","post","type-post","status-publish","format-standard","has-post-thumbnail","hentry","category-nacional","tag-corresponsaljornada","tag-informacion","tag-periodistaasesinado","tag-ultimas-noticias"],"_links":{"self":[{"href":"https:\/\/laultimapalabra.com.mx\/portal\/wp-json\/wp\/v2\/posts\/43578","targetHints":{"allow":["GET"]}}],"collection":[{"href":"https:\/\/laultimapalabra.com.mx\/portal\/wp-json\/wp\/v2\/posts"}],"about":[{"href":"https:\/\/laultimapalabra.com.mx\/portal\/wp-json\/wp\/v2\/types\/post"}],"author":[{"embeddable":true,"href":"https:\/\/laultimapalabra.com.mx\/portal\/wp-json\/wp\/v2\/users\/9"}],"replies":[{"embeddable":true,"href":"https:\/\/laultimapalabra.com.mx\/portal\/wp-json\/wp\/v2\/comments?post=43578"}],"version-history":[{"count":4,"href":"https:\/\/laultimapalabra.com.mx\/portal\/wp-json\/wp\/v2\/posts\/43578\/revisions"}],"predecessor-version":[{"id":83859,"href":"https:\/\/laultimapalabra.com.mx\/portal\/wp-json\/wp\/v2\/posts\/43578\/revisions\/83859"}],"wp:featuredmedia":[{"embeddable":true,"href":"https:\/\/laultimapalabra.com.mx\/portal\/wp-json\/wp\/v2\/media\/43579"}],"wp:attachment":[{"href":"https:\/\/laultimapalabra.com.mx\/portal\/wp-json\/wp\/v2\/media?parent=43578"}],"wp:term":[{"taxonomy":"category","embeddable":true,"href":"https:\/\/laultimapalabra.com.mx\/portal\/wp-json\/wp\/v2\/categories?post=43578"},{"taxonomy":"post_tag","embeddable":true,"href":"https:\/\/laultimapalabra.com.mx\/portal\/wp-json\/wp\/v2\/tags?post=43578"}],"curies":[{"name":"wp","href":"https:\/\/api.w.org\/{rel}","templated":true}]}}