                       {"id":43589,"date":"2023-07-10T11:43:58","date_gmt":"2023-07-10T17:43:58","guid":{"rendered":"https:\/\/laultimapalabra.com.mx\/portal\/?p=43589"},"modified":"2024-12-11T10:44:18","modified_gmt":"2024-12-11T16:44:18","slug":"el-1-de-septiembre-amlo-hara-primer-recorrido-en-tren-maya","status":"publish","type":"post","link":"https:\/\/laultimapalabra.com.mx\/portal\/el-1-de-septiembre-amlo-hara-primer-recorrido-en-tren-maya\/","title":{"rendered":"El 1 de septiembre AMLO har\u00e1 primer recorrido en Tren Maya"},"content":{"rendered":"<p>El 1 de septiembre pr\u00f3ximo, el presidente Andr\u00e9s Manuel L\u00f3pez Obrador har\u00e1 el primer recorrido a bordo del Tren Maya. Se tratar\u00e1 de un viaje de supervisi\u00f3n que iniciar\u00e1 en Campeche \u2014tras ofrecer en esa ciudad su quinto informe de gobierno\u2014 y se desplazar\u00e1 hacia M\u00e9rida.<\/p>\n<p>As\u00ed lo di\u00f3 a conocer esta ma\u00f1ana en su conferencia en Palacio Nacional.<\/p>\n<p>\u201cEs el primer recorrido, pero de supervisi\u00f3n\u201d; e insisti\u00f3 que la inauguraci\u00f3n se dar\u00e1 en diciembre de este a\u00f1o.<\/p>\n<p>Detall\u00f3 que ese d\u00eda iniciar\u00e1 con la presentaci\u00f3n de su quinto informe en Campeche, al concluir ese ejercicio constitucional, realizar\u00e1 el trayecto entre Campeche y M\u00e9rida a bordo del convoy, cuyo primer tren ya est\u00e1 en Canc\u00fan, Quintana Roo, para iniciar las pruebas necesarias.<\/p>\n<p>\u201cEl primero de septiembre que formalmente es el informe y ese d\u00eda nos vamos a subir al tren, no para inaugurarlo, nos vamos a subir en la estaci\u00f3n de Campeche porque coincide que es viernes y fin de semana de la supervisi\u00f3n (al Tren Maya), y nos vamos a bajar en M\u00e9rida. Es el primer recorrido, pero de supervisi\u00f3n\u201d.<\/p>\n<p>Refiri\u00f3 que en la capital de Yucat\u00e1n tendr\u00e1 una reuni\u00f3n de trabajo y al d\u00eda siguiente, s\u00e1bado, nuevamente subir\u00e1 al tren para recorrer hasta la zona arqueol\u00f3gica de Chichen Itz\u00e1.<\/p>\n<p>\u201cPorque los arque\u00f3logos van a abrir lo que se conoce como Chichen Itz\u00e1 viejo, que fue un primer asentamiento, las primeras construcciones y se va a abrir al publico ese d\u00eda\u201d.<\/p>\n<p>El concluir abordar\u00e1 de nuevo el convoy para trasladarse a Canc\u00fan.<\/p>\n<p>\u201cEso ser\u00eda el s\u00e1bado, y en Canc\u00fan hacemos otra reuni\u00f3n y vamos a inaugurar algunas obras. Es supervisi\u00f3n, porque todav\u00eda hay estaciones, las mismas estaciones que vamos a utilizar, est\u00e1n en proceso, pero ya el tren no se va desplazar a 160 kil\u00f3metros por hora (velocidad a la que se estima viajar\u00e1 una vez inaugurado), est\u00e1 en periodo de prueba, pero s\u00ed vamos a llegar sin problema\u201d.<\/p>\n<p>El mandatario agradeci\u00f3 a los trabajadores que han participado en el proyecto, tanto a los que colaboran en la construcci\u00f3n de los vagones, como los que est\u00e1n a lo largo del recorrido de mil 554 kil\u00f3metros de todo el trayecto.<\/p>\n<p>FUENTE: LA JORNADA<\/p>\n<p>foto: la jornada<\/p>\n","protected":false},"excerpt":{"rendered":"<p>El 1 de septiembre pr\u00f3ximo, el presidente Andr\u00e9s Manuel L\u00f3pez Obrador har\u00e1 el primer recorrido a bordo del Tren Maya. Se tratar\u00e1 de un viaje de supervisi\u00f3n que iniciar\u00e1 en Campeche \u2014tras ofrecer en esa ciudad su quinto informe de gobierno\u2014 y se desplazar\u00e1 hacia M\u00e9rida. As\u00ed lo di\u00f3 a conocer esta ma\u00f1ana en su [&hellip;]<\/p>\n","protected":false},"author":9,"featured_media":43591,"comment_status":"closed","ping_status":"closed","sticky":false,"template":"","format":"standard","meta":{"footnotes":""},"categories":[19],"tags":[124,8305,4929,8304,5859],"class_list":["post-43589","post","type-post","status-publish","format-standard","has-post-thumbnail","hentry","category-nacional","tag-amlo","tag-recorridodesupervision","tag-supervision","tag-trenmaya","tag-ultimas-noticias"],"_links":{"self":[{"href":"https:\/\/laultimapalabra.com.mx\/portal\/wp-json\/wp\/v2\/posts\/43589","targetHints":{"allow":["GET"]}}],"collection":[{"href":"https:\/\/laultimapalabra.com.mx\/portal\/wp-json\/wp\/v2\/posts"}],"about":[{"href":"https:\/\/laultimapalabra.com.mx\/portal\/wp-json\/wp\/v2\/types\/post"}],"author":[{"embeddable":true,"href":"https:\/\/laultimapalabra.com.mx\/portal\/wp-json\/wp\/v2\/users\/9"}],"replies":[{"embeddable":true,"href":"https:\/\/laultimapalabra.com.mx\/portal\/wp-json\/wp\/v2\/comments?post=43589"}],"version-history":[{"count":2,"href":"https:\/\/laultimapalabra.com.mx\/portal\/wp-json\/wp\/v2\/posts\/43589\/revisions"}],"predecessor-version":[{"id":83865,"href":"https:\/\/laultimapalabra.com.mx\/portal\/wp-json\/wp\/v2\/posts\/43589\/revisions\/83865"}],"wp:featuredmedia":[{"embeddable":true,"href":"https:\/\/laultimapalabra.com.mx\/portal\/wp-json\/wp\/v2\/media\/43591"}],"wp:attachment":[{"href":"https:\/\/laultimapalabra.com.mx\/portal\/wp-json\/wp\/v2\/media?parent=43589"}],"wp:term":[{"taxonomy":"category","embeddable":true,"href":"https:\/\/laultimapalabra.com.mx\/portal\/wp-json\/wp\/v2\/categories?post=43589"},{"taxonomy":"post_tag","embeddable":true,"href":"https:\/\/laultimapalabra.com.mx\/portal\/wp-json\/wp\/v2\/tags?post=43589"}],"curies":[{"name":"wp","href":"https:\/\/api.w.org\/{rel}","templated":true}]}}