                       {"id":43631,"date":"2023-07-11T12:47:28","date_gmt":"2023-07-11T18:47:28","guid":{"rendered":"https:\/\/laultimapalabra.com.mx\/portal\/?p=43631"},"modified":"2023-07-11T12:47:28","modified_gmt":"2023-07-11T18:47:28","slug":"fallece-menor-aplastada-por-un-elevador-en-el-imss-18-de-playa-del-carmen","status":"publish","type":"post","link":"https:\/\/laultimapalabra.com.mx\/portal\/fallece-menor-aplastada-por-un-elevador-en-el-imss-18-de-playa-del-carmen\/","title":{"rendered":"Fallece menor aplastada por un elevador en el IMSS 18 de Playa del Carmen"},"content":{"rendered":"<p>Playa del Carmen.- El fallecimiento fue confirmado por el director de Protecci\u00f3n Civil de Solidaridad; al lugar acudi\u00f3 el Servicio M\u00e9dico Forense.<\/p>\n<p>Poco antes de la medianoche de ayer, una menor de edad muri\u00f3 en un accidente tras una falla mec\u00e1nica en un elevador del Hospital General de Zona #18 del Instituto Mexicano del Seguro Social (IMSS) en Playa del Carmen.<\/p>\n<p>El titular de la Secretar\u00eda de Protecci\u00f3n Civil, Prevenci\u00f3n de Riesgos y bomberos, Jorge Alberto V\u00e1squez Oropeza, y representantes del IMSS informaron al n\u00famero de emergencias 911 sobre un accidente en el \u00e1rea de hospitalizaci\u00f3n.<\/p>\n<p>El funcionario municipal confirm\u00f3 que acudi\u00f3 al llamado, en esta unidad del IMSS ubicado en la Avenida Petempich con calle 65 en el fraccionamiento Galaxia 2, junto con elementos de la dependencia y con personal del cuerpo de bomberos de est\u00e1 demarcaci\u00f3n.<\/p>\n<p>Aunque no precis\u00f3 el tipo de accidente, personal del IMSS relat\u00f3 bajo anonimato que el elevador se activ\u00f3 cuando camilleros ingresaban al elevador. Lamentablemente la camilla qued\u00f3 a la mitad y provoc\u00f3 que el cuerpo de la menor quedar\u00e1 aplastado.<\/p>\n<p>En im\u00e1genes que se difundieron en redes sociales desde el interior del IMSS de Zona #18 se aprecia la camilla en la parte de arriba de la puerta del elevador, prensada a la mitad.<\/p>\n<p>Al lugar acudieron los servicios periciales de la Fiscal\u00eda General del Estado para iniciar con las investigaciones correspondientes.<\/p>\n<p>Hasta el momento, el IMSS no se ha pronunciado en torno a estos hechos pero se espera que en las siguientes horas emitan un comunicado, al igual que la Fiscal\u00eda General del Estado.<\/p>\n<p>Informaci\u00f3n a la que tuvo acceso MILENIO indican que las indagatorias iniciaron para conocer el origen de las fallas en el elevador y las causas del fallecimiento de la menor.<\/p>\n<p>A trav\u00e9s de un comunicado el Instituto Mexicano del Seguro Social (IMSS) en Quintana Roo lament\u00f3 los hechos y expres\u00f3 su pesar y sus condolencias por el fallecimiento de la menor de edad.<\/p>\n<p>Seg\u00fan el IMSS, la ni\u00f1a estaba recibiendo la atenci\u00f3n adecuada para su padecimiento.<\/p>\n<p>En el documento se se\u00f1ala que brinda el acompa\u00f1amiento integral a la familia desde el primer momento.<\/p>\n<p>A pesar de los esfuerzos m\u00e9dicos, desafortunadamente, la paciente falleci\u00f3 durante la contingencia.<\/p>\n<p>Ante esta situaci\u00f3n, el personal directivo del hospital inform\u00f3 de inmediato a las autoridades competentes, colaborando en la investigaci\u00f3n y proporcionando todas las facilidades necesarias.<\/p>\n<p>Informaron que el servicio de mantenimiento de los elevadores en el hospital es subrogado a una empresa externa.<\/p>\n<p>FUENTE: MILENIO<\/p>\n<p>foto: milenio<\/p>\n","protected":false},"excerpt":{"rendered":"<p>Playa del Carmen.- El fallecimiento fue confirmado por el director de Protecci\u00f3n Civil de Solidaridad; al lugar acudi\u00f3 el Servicio M\u00e9dico Forense. Poco antes de la medianoche de ayer, una menor de edad muri\u00f3 en un accidente tras una falla mec\u00e1nica en un elevador del Hospital General de Zona #18 del Instituto Mexicano del Seguro [&hellip;]<\/p>\n","protected":false},"author":9,"featured_media":43632,"comment_status":"closed","ping_status":"closed","sticky":false,"template":"","format":"standard","meta":{"footnotes":""},"categories":[19],"tags":[8319,8320,1249,8318,5859,5621],"class_list":["post-43631","post","type-post","status-publish","format-standard","has-post-thumbnail","hentry","category-nacional","tag-aplastada","tag-cdddelcarmen","tag-imss","tag-ninamuereenelevador","tag-ultimas-noticias","tag-zoerobledo"],"_links":{"self":[{"href":"https:\/\/laultimapalabra.com.mx\/portal\/wp-json\/wp\/v2\/posts\/43631","targetHints":{"allow":["GET"]}}],"collection":[{"href":"https:\/\/laultimapalabra.com.mx\/portal\/wp-json\/wp\/v2\/posts"}],"about":[{"href":"https:\/\/laultimapalabra.com.mx\/portal\/wp-json\/wp\/v2\/types\/post"}],"author":[{"embeddable":true,"href":"https:\/\/laultimapalabra.com.mx\/portal\/wp-json\/wp\/v2\/users\/9"}],"replies":[{"embeddable":true,"href":"https:\/\/laultimapalabra.com.mx\/portal\/wp-json\/wp\/v2\/comments?post=43631"}],"version-history":[{"count":1,"href":"https:\/\/laultimapalabra.com.mx\/portal\/wp-json\/wp\/v2\/posts\/43631\/revisions"}],"predecessor-version":[{"id":43633,"href":"https:\/\/laultimapalabra.com.mx\/portal\/wp-json\/wp\/v2\/posts\/43631\/revisions\/43633"}],"wp:featuredmedia":[{"embeddable":true,"href":"https:\/\/laultimapalabra.com.mx\/portal\/wp-json\/wp\/v2\/media\/43632"}],"wp:attachment":[{"href":"https:\/\/laultimapalabra.com.mx\/portal\/wp-json\/wp\/v2\/media?parent=43631"}],"wp:term":[{"taxonomy":"category","embeddable":true,"href":"https:\/\/laultimapalabra.com.mx\/portal\/wp-json\/wp\/v2\/categories?post=43631"},{"taxonomy":"post_tag","embeddable":true,"href":"https:\/\/laultimapalabra.com.mx\/portal\/wp-json\/wp\/v2\/tags?post=43631"}],"curies":[{"name":"wp","href":"https:\/\/api.w.org\/{rel}","templated":true}]}}