                       {"id":43697,"date":"2023-07-12T13:05:40","date_gmt":"2023-07-12T19:05:40","guid":{"rendered":"https:\/\/laultimapalabra.com.mx\/portal\/?p=43697"},"modified":"2023-07-12T13:05:40","modified_gmt":"2023-07-12T19:05:40","slug":"reta-amlo-a-x-gonzalez-a-investigar-a-xochitl-galvez-por-presunta-corrupcion","status":"publish","type":"post","link":"https:\/\/laultimapalabra.com.mx\/portal\/reta-amlo-a-x-gonzalez-a-investigar-a-xochitl-galvez-por-presunta-corrupcion\/","title":{"rendered":"Reta AMLO a X. Gonz\u00e1lez a investigar a X\u00f3chitl G\u00e1lvez por presunta corrupci\u00f3n"},"content":{"rendered":"<p>El presidente Andr\u00e9s Manuel L\u00f3pez Obrador ret\u00f3 a la organizaci\u00f3n del empresario Claudio X. Gonz\u00e1lez (Mexicanos contra la Corrupci\u00f3n) que haga una investigaci\u00f3n sobre presuntos actos de corrupci\u00f3n de la aspirante presidencial del Frente Amplio por M\u00e9xico, X\u00f3chitl G\u00e1lvez, \u201cPorque a eso se dedican \u00bfno? \u00bfNo hacen investigaciones?\u201d, apunt\u00f3 el mandatario esta ma\u00f1ana durante su conferencia en Palacio Nacional.<\/p>\n<p>E inclusive pidi\u00f3 que a la indagatoria se sume el Instituto Nacional de Transparencia, Acceso a la Informaci\u00f3n y Protecci\u00f3n de Datos Personales (Inai).<\/p>\n<p>La investigaci\u00f3n, apunt\u00f3, ser\u00eda sobre los contratos que recibi\u00f3 la empresa de la hoy aspirante de la oposici\u00f3n durante la \u00e9poca que ella fue integrante del gobierno de Vicente Fox y tambi\u00e9n cuando fue delegada en Miguel Hidalgo.<\/p>\n<p>\u201cSi nos da al resultado de la investigaci\u00f3n, vamos a quedar todos muy satisfechos y vamos a poder reconocer de que su asociaci\u00f3n s\u00ed est\u00e1 realmente en contra de la corrupci\u00f3n\u201d, se\u00f1al\u00f3 el jefe del Ejecutivo.<\/p>\n<p>&#8220;Voy a dar una primicia, le voy a pedir a Claudio X. Gonz\u00e1lez aqu\u00ed que haga una investigaci\u00f3n sobre la empresa de X\u00f3chitl y los contratos que ha recibido del gobierno, de cuando ella fue funcionaria en el gobierno de Fox y de cuando fue jefa de Gobierno\u2026 delegada en Miguel Hidalgo. Porque a eso se dedican, no, \u00bfno hacen investigaciones?.<\/p>\n<p>\u201cVamos a darle un tiempo a \u00e9l y a la se\u00f1ora Maria Amparo Casar, a ese grupo, y que le pida informaci\u00f3n al Inai, al instituto de la Transparencia, al Inai\u201d, se\u00f1al\u00f3 el Presidente.<\/p>\n<p>Dijo que si Mexicanos Contra la Corrupci\u00f3n y la Impunidad realiza la investigaci\u00f3n ayudar\u00e1 mucho a la vida p\u00fablica del pa\u00eds y a la par obtendr\u00e1 credibilidad.<\/p>\n<p>\u201cSi nos da el resultado de la investigaci\u00f3n vamos a quedar todos muy satisfechos, y vamos a poder reconocer de que su asociaci\u00f3n s\u00ed est\u00e1 en contra de la corrupci\u00f3n. \u00bfC\u00f3mo lo ven? Porque esto va a ayudar mucho. Desde luego, si ellos no hacen la investigaci\u00f3n ustedes que son mirones profesionales y que hacen reportajes, periodismo de investigaci\u00f3n\u201d.<\/p>\n<p>FUENTE: LA JORNADA<\/p>\n<p>foto: la jornada<\/p>\n","protected":false},"excerpt":{"rendered":"<p>El presidente Andr\u00e9s Manuel L\u00f3pez Obrador ret\u00f3 a la organizaci\u00f3n del empresario Claudio X. Gonz\u00e1lez (Mexicanos contra la Corrupci\u00f3n) que haga una investigaci\u00f3n sobre presuntos actos de corrupci\u00f3n de la aspirante presidencial del Frente Amplio por M\u00e9xico, X\u00f3chitl G\u00e1lvez, \u201cPorque a eso se dedican \u00bfno? \u00bfNo hacen investigaciones?\u201d, apunt\u00f3 el mandatario esta ma\u00f1ana durante su [&hellip;]<\/p>\n","protected":false},"author":9,"featured_media":43699,"comment_status":"closed","ping_status":"closed","sticky":false,"template":"","format":"standard","meta":{"footnotes":""},"categories":[19],"tags":[124,4269,4888,5859,8346],"class_list":["post-43697","post","type-post","status-publish","format-standard","has-post-thumbnail","hentry","category-nacional","tag-amlo","tag-mexico","tag-politica","tag-ultimas-noticias","tag-xochitlgalvez"],"_links":{"self":[{"href":"https:\/\/laultimapalabra.com.mx\/portal\/wp-json\/wp\/v2\/posts\/43697","targetHints":{"allow":["GET"]}}],"collection":[{"href":"https:\/\/laultimapalabra.com.mx\/portal\/wp-json\/wp\/v2\/posts"}],"about":[{"href":"https:\/\/laultimapalabra.com.mx\/portal\/wp-json\/wp\/v2\/types\/post"}],"author":[{"embeddable":true,"href":"https:\/\/laultimapalabra.com.mx\/portal\/wp-json\/wp\/v2\/users\/9"}],"replies":[{"embeddable":true,"href":"https:\/\/laultimapalabra.com.mx\/portal\/wp-json\/wp\/v2\/comments?post=43697"}],"version-history":[{"count":1,"href":"https:\/\/laultimapalabra.com.mx\/portal\/wp-json\/wp\/v2\/posts\/43697\/revisions"}],"predecessor-version":[{"id":43701,"href":"https:\/\/laultimapalabra.com.mx\/portal\/wp-json\/wp\/v2\/posts\/43697\/revisions\/43701"}],"wp:featuredmedia":[{"embeddable":true,"href":"https:\/\/laultimapalabra.com.mx\/portal\/wp-json\/wp\/v2\/media\/43699"}],"wp:attachment":[{"href":"https:\/\/laultimapalabra.com.mx\/portal\/wp-json\/wp\/v2\/media?parent=43697"}],"wp:term":[{"taxonomy":"category","embeddable":true,"href":"https:\/\/laultimapalabra.com.mx\/portal\/wp-json\/wp\/v2\/categories?post=43697"},{"taxonomy":"post_tag","embeddable":true,"href":"https:\/\/laultimapalabra.com.mx\/portal\/wp-json\/wp\/v2\/tags?post=43697"}],"curies":[{"name":"wp","href":"https:\/\/api.w.org\/{rel}","templated":true}]}}