                       {"id":43705,"date":"2023-07-12T13:26:24","date_gmt":"2023-07-12T19:26:24","guid":{"rendered":"https:\/\/laultimapalabra.com.mx\/portal\/?p=43705"},"modified":"2023-07-12T13:26:24","modified_gmt":"2023-07-12T19:26:24","slug":"trasladan-cuerpos-de-los-5-regios-que-murieron-cerca-del-everest-a-katmandu","status":"publish","type":"post","link":"https:\/\/laultimapalabra.com.mx\/portal\/trasladan-cuerpos-de-los-5-regios-que-murieron-cerca-del-everest-a-katmandu\/","title":{"rendered":"Trasladan cuerpos de los 5 regios que murieron cerca del Everest a Katmand\u00fa"},"content":{"rendered":"<p>Katmand\u00fa.- Los cuerpos sin vida de las seis personas, incluidos cinco turistas mexicanos, a bordo de un helic\u00f3ptero de Manang Air que se estrell\u00f3 este martes cuando sobrevolaba el monte Everest en Nepal, fueron transportados a Katmand\u00fa, dijeron a EFE fuentes oficiales.<\/p>\n<p>Los cuerpos de las seis personas a bordo, un nepal\u00ed y cinco mexicanos, &#8220;han sido trasladados por aire al Hospital Universitario de Katmand\u00fa para la autopsia&#8221;, dijo a EFE el coordinador de b\u00fasqueda y rescate de la aviaci\u00f3n civil nepal\u00ed, Pratap Babu Tiwari.<\/p>\n<p>La Secretar\u00eda de Turismo est\u00e1 en coordinaci\u00f3n con la Secretar\u00eda de Relaciones Exteriores nepal\u00ed para iniciar la repatriaci\u00f3n de los cuerpos de los cinco mexicanos.<\/p>\n<p>La Embajada de M\u00e9xico en la India, concurrente ante Nepal, asegur\u00f3 en un comunicado que &#8220;se encuentra en continua comunicaci\u00f3n y trabajando con las autoridades de Nepal en relaci\u00f3n con el tr\u00e1gico accidente de helic\u00f3ptero&#8221;.<\/p>\n<p>El director de seguridad de vuelo de Manang Air, el capit\u00e1n Prakash Kumar Sedhain, detall\u00f3 a EFE que los cinco mexicanos que fallecieron en el accidente son de la misma familia: un padre, una madre, y sus tres hijos.<\/p>\n<p>El martes por la ma\u00f1ana, antes del accidente, &#8220;la familia mexicana estaba entusiasmada con su recorrido en helic\u00f3ptero&#8221;, asegur\u00f3 Sedhain que lament\u00f3 que \u201cdesafortunadamente, la gira termin\u00f3 en un desastre\u201d.<\/p>\n<p>De acuerdo con la agencia organizadora del vuelo, la familia decidi\u00f3 hacer este vuelo para ver el techo del mundo despu\u00e9s de ver im\u00e1genes del pico en Youtube.<\/p>\n<p>El informe inicial sugiere que el avi\u00f3n se estrell\u00f3 debido al mal tiempo.<\/p>\n<p>La escena en el lugar del accidente muestra que no hubo fuego y los cuerpos est\u00e1n intactos.<\/p>\n<p>El helic\u00f3ptero golpe\u00f3 primero un \u00e1rbol y luego se estrell\u00f3 contra el suelo dentro del bosque.<\/p>\n<p>La Autoridad de la Aviaci\u00f3n Civil de Nepal identific\u00f3 a los turistas mexicanos fallecidos como Fernando Sifuentes, Abric Gonz\u00e1lez, Luz Gonz\u00e1lez Olacio, Mar\u00eda Jos\u00e9 Sifuentes, e Ismael Rinc\u00f3n, y al piloto nepal\u00ed como C.B. Gurung.<\/p>\n<p>FUENTE:ABC NOTICIAS<\/p>\n<p>foto:abc noticias<\/p>\n","protected":false},"excerpt":{"rendered":"<p>Katmand\u00fa.- Los cuerpos sin vida de las seis personas, incluidos cinco turistas mexicanos, a bordo de un helic\u00f3ptero de Manang Air que se estrell\u00f3 este martes cuando sobrevolaba el monte Everest en Nepal, fueron transportados a Katmand\u00fa, dijeron a EFE fuentes oficiales. Los cuerpos de las seis personas a bordo, un nepal\u00ed y cinco mexicanos, [&hellip;]<\/p>\n","protected":false},"author":9,"featured_media":43716,"comment_status":"closed","ping_status":"closed","sticky":false,"template":"","format":"standard","meta":{"footnotes":""},"categories":[16],"tags":[4196,6351,8328,5732,6748,5859],"class_list":["post-43705","post","type-post","status-publish","format-standard","has-post-thumbnail","hentry","category-internacional","tag-accidente","tag-everest","tag-katmandu","tag-nepal","tag-regios","tag-ultimas-noticias"],"_links":{"self":[{"href":"https:\/\/laultimapalabra.com.mx\/portal\/wp-json\/wp\/v2\/posts\/43705","targetHints":{"allow":["GET"]}}],"collection":[{"href":"https:\/\/laultimapalabra.com.mx\/portal\/wp-json\/wp\/v2\/posts"}],"about":[{"href":"https:\/\/laultimapalabra.com.mx\/portal\/wp-json\/wp\/v2\/types\/post"}],"author":[{"embeddable":true,"href":"https:\/\/laultimapalabra.com.mx\/portal\/wp-json\/wp\/v2\/users\/9"}],"replies":[{"embeddable":true,"href":"https:\/\/laultimapalabra.com.mx\/portal\/wp-json\/wp\/v2\/comments?post=43705"}],"version-history":[{"count":1,"href":"https:\/\/laultimapalabra.com.mx\/portal\/wp-json\/wp\/v2\/posts\/43705\/revisions"}],"predecessor-version":[{"id":43717,"href":"https:\/\/laultimapalabra.com.mx\/portal\/wp-json\/wp\/v2\/posts\/43705\/revisions\/43717"}],"wp:featuredmedia":[{"embeddable":true,"href":"https:\/\/laultimapalabra.com.mx\/portal\/wp-json\/wp\/v2\/media\/43716"}],"wp:attachment":[{"href":"https:\/\/laultimapalabra.com.mx\/portal\/wp-json\/wp\/v2\/media?parent=43705"}],"wp:term":[{"taxonomy":"category","embeddable":true,"href":"https:\/\/laultimapalabra.com.mx\/portal\/wp-json\/wp\/v2\/categories?post=43705"},{"taxonomy":"post_tag","embeddable":true,"href":"https:\/\/laultimapalabra.com.mx\/portal\/wp-json\/wp\/v2\/tags?post=43705"}],"curies":[{"name":"wp","href":"https:\/\/api.w.org\/{rel}","templated":true}]}}