                       {"id":43755,"date":"2023-07-13T12:20:29","date_gmt":"2023-07-13T18:20:29","guid":{"rendered":"https:\/\/laultimapalabra.com.mx\/portal\/?p=43755"},"modified":"2023-07-13T12:20:29","modified_gmt":"2023-07-13T18:20:29","slug":"denuncia-el-imss-a-empresa-de-mantenimiento-por-la-muerte-de-nina-en-hospital","status":"publish","type":"post","link":"https:\/\/laultimapalabra.com.mx\/portal\/denuncia-el-imss-a-empresa-de-mantenimiento-por-la-muerte-de-nina-en-hospital\/","title":{"rendered":"Denuncia el IMSS a empresa de mantenimiento por la muerte de ni\u00f1a en hospital"},"content":{"rendered":"<p>El Instituto Mexicano del Seguro Social (IMSS), por conducto de su Direcci\u00f3n Jur\u00eddica central, present\u00f3 ayer una denuncia penal en contra de la empresa Soluciones Integrales de Transportaci\u00f3n Vertical en M\u00e9xico (Sitravem) , luego de la muerte de la ni\u00f1a Aitana, de seis a\u00f1os de edad, la noche del lunes.<\/p>\n<p>Sitravem fue contratada para dar mantenimiento a los elevadores del Hospital General de Zona n\u00famero 18 de Playa del Carmen, Quintana Roo, y de otros nosocomios del instituto.<\/p>\n<p>Asimismo, se inform\u00f3 que fueron separados de sus cargos los funcionarios de las \u00e1reas de conservaci\u00f3n y mantenimiento del nosocomio de Playa del Carmen.<\/p>\n<p>En tanto, la Fiscal\u00eda General del Estado (FGE) de Quintana Roo report\u00f3 la liberaci\u00f3n de V\u00edctor F., el camillero que trasladaba a la menor en el ascensor, por considerar que hasta ahora no se ha constatado que haya tenido responsabilidad alguna en los hechos.<\/p>\n<p>El IMSS, por su parte, explic\u00f3 que los funcionarios fueron separados de sus cargos mientras se realizan las investigaciones, las cuales se iniciaron de inmediato.<\/p>\n<p>Sobre la atenci\u00f3n que se ha brindado a la familia de la menor, el organismo indic\u00f3 que se le proporciona apoyo para sus necesidades apremiantes, como gastos inmediatos y acompa\u00f1amiento institucional a fin de buscar la reparaci\u00f3n integral del da\u00f1o.<\/p>\n<p>El presidente Andr\u00e9s Manuel L\u00f3pez Obrador lament\u00f3 el deceso de la ni\u00f1a y ofreci\u00f3 que se castigar\u00e1 a los responsables de lo ocurrido, sin buscar chivos expiatorios.<\/p>\n<p>En su conferencia matutina, dijo que fue un hecho \u201cmuy triste y lamentable\u201d por el cual las autoridades del IMSS iniciaron una investigaci\u00f3n.<\/p>\n<p>Record\u00f3 la explicaci\u00f3n inicial del IMSS, que se\u00f1al\u00f3 que report\u00f3 las fallas en el elevador a la empresa encargada de remediarlas, pero aunque los t\u00e9cnicos acudieron no colocaron letreros para indicar que el aparato no deb\u00eda utilizarse.<\/p>\n<p>Anunci\u00f3 que se revisar\u00e1n los t\u00e9rminos del contrato con la empresa Sitravem para determinar sus obligaciones y responsabilidades, as\u00ed como la actuaci\u00f3n del camillero, porque \u201cno puede haber chivos expiatorios\u201d, asent\u00f3.<\/p>\n<p>La FGE anunci\u00f3 la liberaci\u00f3n de V\u00edctor F., quien tambi\u00e9n result\u00f3 herido en el accidente y permanec\u00eda esposado mientras recib\u00eda atenci\u00f3n m\u00e9dica. Agreg\u00f3 que la situaci\u00f3n jur\u00eddica del detenido se resolvi\u00f3 dentro del t\u00e9rmino constitucional.<\/p>\n<p>Asimismo, se\u00f1al\u00f3 que contin\u00faan las investigaciones contra los encargados de supervisar la conservaci\u00f3n y mantenimiento de los elevadores del nosocomio, as\u00ed como a la empresa concesionaria que fue contratada por el IMSS para el funcionamiento de los aparatos.<\/p>\n<p>En un video que circula en redes sociales, el camillero expuso sus argumentos sobre lo ocurrido y se neg\u00f3 a asumir \u201cuna culpa que no es m\u00eda, porque tambi\u00e9n fui v\u00edctima, porque tambi\u00e9n qued\u00e9 encerrado y sal\u00ed por un pinche agujero que estaba cabr\u00f3n, y todav\u00eda intent\u00e9 rescatar a la beb\u00e9, porque al final de cuentas todos somos padres\u201d.<\/p>\n<p>Mientras tanto, Tania Ram\u00edrez Hern\u00e1ndez, directora de la Red por los Derechos de la Infancia en M\u00e9xico (Redim), demand\u00f3 que se realice una \u201cinvestigaci\u00f3n expedita para el conocimiento de las causas del suceso, para establecer responsabilidades a fin de reparar el da\u00f1o material a las v\u00edctimas y, sobre todo, para establecer medidas de no repetici\u00f3n\u201d.<\/p>\n<p>La Comisi\u00f3n Estatal de Derechos Humanos de Quintana Roo inici\u00f3 una queja de oficio por lo ocurrido en el hospital general de zona del IMSS donde falleci\u00f3 Aitana, cuyos restos fueron trasladados a Tim\u00fan, Yucat\u00e1n, de donde era originaria, para darles sepultura.<\/p>\n<p>FUENTE: LA JORNADA<\/p>\n<p>foto: la jornada<\/p>\n","protected":false},"excerpt":{"rendered":"<p>El Instituto Mexicano del Seguro Social (IMSS), por conducto de su Direcci\u00f3n Jur\u00eddica central, present\u00f3 ayer una denuncia penal en contra de la empresa Soluciones Integrales de Transportaci\u00f3n Vertical en M\u00e9xico (Sitravem) , luego de la muerte de la ni\u00f1a Aitana, de seis a\u00f1os de edad, la noche del lunes. Sitravem fue contratada para dar [&hellip;]<\/p>\n","protected":false},"author":9,"featured_media":43756,"comment_status":"closed","ping_status":"closed","sticky":false,"template":"","format":"standard","meta":{"footnotes":""},"categories":[19],"tags":[124,1249,8361,8359,8360,5859,5621],"class_list":["post-43755","post","type-post","status-publish","format-standard","has-post-thumbnail","hentry","category-nacional","tag-amlo","tag-imss","tag-investigacionexpedita","tag-ninaaplastada","tag-secastigaraalosresponsables","tag-ultimas-noticias","tag-zoerobledo"],"_links":{"self":[{"href":"https:\/\/laultimapalabra.com.mx\/portal\/wp-json\/wp\/v2\/posts\/43755","targetHints":{"allow":["GET"]}}],"collection":[{"href":"https:\/\/laultimapalabra.com.mx\/portal\/wp-json\/wp\/v2\/posts"}],"about":[{"href":"https:\/\/laultimapalabra.com.mx\/portal\/wp-json\/wp\/v2\/types\/post"}],"author":[{"embeddable":true,"href":"https:\/\/laultimapalabra.com.mx\/portal\/wp-json\/wp\/v2\/users\/9"}],"replies":[{"embeddable":true,"href":"https:\/\/laultimapalabra.com.mx\/portal\/wp-json\/wp\/v2\/comments?post=43755"}],"version-history":[{"count":1,"href":"https:\/\/laultimapalabra.com.mx\/portal\/wp-json\/wp\/v2\/posts\/43755\/revisions"}],"predecessor-version":[{"id":43760,"href":"https:\/\/laultimapalabra.com.mx\/portal\/wp-json\/wp\/v2\/posts\/43755\/revisions\/43760"}],"wp:featuredmedia":[{"embeddable":true,"href":"https:\/\/laultimapalabra.com.mx\/portal\/wp-json\/wp\/v2\/media\/43756"}],"wp:attachment":[{"href":"https:\/\/laultimapalabra.com.mx\/portal\/wp-json\/wp\/v2\/media?parent=43755"}],"wp:term":[{"taxonomy":"category","embeddable":true,"href":"https:\/\/laultimapalabra.com.mx\/portal\/wp-json\/wp\/v2\/categories?post=43755"},{"taxonomy":"post_tag","embeddable":true,"href":"https:\/\/laultimapalabra.com.mx\/portal\/wp-json\/wp\/v2\/tags?post=43755"}],"curies":[{"name":"wp","href":"https:\/\/api.w.org\/{rel}","templated":true}]}}