                       {"id":43830,"date":"2023-07-14T15:08:31","date_gmt":"2023-07-14T21:08:31","guid":{"rendered":"https:\/\/laultimapalabra.com.mx\/portal\/?p=43830"},"modified":"2023-07-14T15:08:31","modified_gmt":"2023-07-14T21:08:31","slug":"ordena-ine-que-amlo-se-abstenga-de-hablar-sobre-aspirantes-al-2024","status":"publish","type":"post","link":"https:\/\/laultimapalabra.com.mx\/portal\/ordena-ine-que-amlo-se-abstenga-de-hablar-sobre-aspirantes-al-2024\/","title":{"rendered":"Ordena INE que AMLO se abstenga de hablar sobre aspirantes al 2024"},"content":{"rendered":"<p>Ciudad de M\u00e9xico.- El INE a trav\u00e9s de la Comisi\u00f3n de Quejas aprob\u00f3 medidas cautelares para que el presidente Andr\u00e9s Manuel L\u00f3pez Obrador omita expresiones en contra de los aspirantes al proceso electoral del 2024.<\/p>\n<p>La aprobaci\u00f3n de dichas medidas ocurri\u00f3 luego de una denuncia interpuesta por la aspirante del Frente Amplio por M\u00e9xico, X\u00f3chitl G\u00e1lvez, donde expuso que el Presidente la llam\u00f3 la candidata de \u201cla oligarqu\u00eda\u201d y de \u201cla mafia del poder\u201d.<\/p>\n<p>La resoluci\u00f3n indica que se ordena el mandatario nacional que se abstenga bajo cualquier modalidad o formato, realizar manifestaciones, emitir comentarios, opiniones o se\u00f1alamientos sobre temas electorales, ya sea de forma positiva o negativa.<\/p>\n<p>FUENTE: BBC NOTICIAS<\/p>\n<p>foto: BBC noticias<\/p>\n","protected":false},"excerpt":{"rendered":"<p>Ciudad de M\u00e9xico.- El INE a trav\u00e9s de la Comisi\u00f3n de Quejas aprob\u00f3 medidas cautelares para que el presidente Andr\u00e9s Manuel L\u00f3pez Obrador omita expresiones en contra de los aspirantes al proceso electoral del 2024. La aprobaci\u00f3n de dichas medidas ocurri\u00f3 luego de una denuncia interpuesta por la aspirante del Frente Amplio por M\u00e9xico, X\u00f3chitl [&hellip;]<\/p>\n","protected":false},"author":9,"featured_media":43831,"comment_status":"closed","ping_status":"closed","sticky":false,"template":"","format":"standard","meta":{"footnotes":""},"categories":[19],"tags":[124,1269,5859,8346],"class_list":["post-43830","post","type-post","status-publish","format-standard","has-post-thumbnail","hentry","category-nacional","tag-amlo","tag-ine","tag-ultimas-noticias","tag-xochitlgalvez"],"_links":{"self":[{"href":"https:\/\/laultimapalabra.com.mx\/portal\/wp-json\/wp\/v2\/posts\/43830","targetHints":{"allow":["GET"]}}],"collection":[{"href":"https:\/\/laultimapalabra.com.mx\/portal\/wp-json\/wp\/v2\/posts"}],"about":[{"href":"https:\/\/laultimapalabra.com.mx\/portal\/wp-json\/wp\/v2\/types\/post"}],"author":[{"embeddable":true,"href":"https:\/\/laultimapalabra.com.mx\/portal\/wp-json\/wp\/v2\/users\/9"}],"replies":[{"embeddable":true,"href":"https:\/\/laultimapalabra.com.mx\/portal\/wp-json\/wp\/v2\/comments?post=43830"}],"version-history":[{"count":1,"href":"https:\/\/laultimapalabra.com.mx\/portal\/wp-json\/wp\/v2\/posts\/43830\/revisions"}],"predecessor-version":[{"id":43832,"href":"https:\/\/laultimapalabra.com.mx\/portal\/wp-json\/wp\/v2\/posts\/43830\/revisions\/43832"}],"wp:featuredmedia":[{"embeddable":true,"href":"https:\/\/laultimapalabra.com.mx\/portal\/wp-json\/wp\/v2\/media\/43831"}],"wp:attachment":[{"href":"https:\/\/laultimapalabra.com.mx\/portal\/wp-json\/wp\/v2\/media?parent=43830"}],"wp:term":[{"taxonomy":"category","embeddable":true,"href":"https:\/\/laultimapalabra.com.mx\/portal\/wp-json\/wp\/v2\/categories?post=43830"},{"taxonomy":"post_tag","embeddable":true,"href":"https:\/\/laultimapalabra.com.mx\/portal\/wp-json\/wp\/v2\/tags?post=43830"}],"curies":[{"name":"wp","href":"https:\/\/api.w.org\/{rel}","templated":true}]}}