                       {"id":43891,"date":"2023-07-17T14:14:36","date_gmt":"2023-07-17T20:14:36","guid":{"rendered":"https:\/\/laultimapalabra.com.mx\/portal\/?p=43891"},"modified":"2023-07-17T14:14:36","modified_gmt":"2023-07-17T20:14:36","slug":"cumplire-bajo-protesta-ordenamiento-de-ine-contra-comentarios-hacia-aspirantes-amlo","status":"publish","type":"post","link":"https:\/\/laultimapalabra.com.mx\/portal\/cumplire-bajo-protesta-ordenamiento-de-ine-contra-comentarios-hacia-aspirantes-amlo\/","title":{"rendered":"Cumplir\u00e9 &#8220;bajo protesta&#8221; ordenamiento de INE contra comentarios hacia aspirantes: AMLO"},"content":{"rendered":"<p>El presidente Andr\u00e9s Manuel L\u00f3pez Obrador asegur\u00f3 que cumplir\u00e1 \u201cbajo protesta\u201d el ordenamiento de las autoridades electorales para que no se manifieste sobre los aspirantes presidenciales y el proceso para 2024. Sin embargo, dej\u00f3 claro que a\u00fan no ha recibido la notificaci\u00f3n del Instituto Nacional Electoral (INE) por lo que este lunes de nuevo di\u00f3 a conocer los contratos que \u201cpor influyentismo\u201d recibi\u00f3 por nueve a\u00f1os la actual senadora panista y aspirante a la Presidencia por el bloque opositor, Xochitl G\u00e1lvez.<\/p>\n<p>\u201cVamos a cumplir con todos los ordenamientos legales, como siempre lo hacemos, y con las decisiones en este caso de los organismos electorales. Nada m\u00e1s que lo hacemos bajo protesta, porque es muy injusto el que el grupo de potentados, que se sent\u00edan due\u00f1os de M\u00e9xico, con todo su dinero, con sus medios de informaci\u00f3n, con sus intelectuales a sueldo, est\u00e9n lanzados en contra de nosotros y que las autoridades nos limiten nuestra libertad, la libertad de manifestaci\u00f3n, de expresi\u00f3n, la libertad de r\u00e9plica, el derecho a disentir\u201d, se\u00f1al\u00f3 en la ma\u00f1anera a pregunta sobre el tema.<\/p>\n<p>Pese a ello, subray\u00f3, \u201cvamos a respetar, a acatar esas recomendaciones, pero est\u00e1n muy mal acostumbrados nuestros adversarios. Quisieran que estuvi\u00e9semos atados y callados, nos quisieran silenciar y nada m\u00e1s ellos hablando y hablando y hablando, y mintiendo, mintiendo, mintiendo, y calumniando calumniando, calumniando, en la radio, la televisi\u00f3n y los peri\u00f3dicos, de manera mayoritaria, como nos suced\u00eda en m\u00e1s de un siglo en nuestro pa\u00eds. En ese sentido es un retroceso\u201d.<\/p>\n<p>El presidente dijo que le exigen jugar limpio, cuando desde los medios constantemente se ataca a su gobierno. \u201c\u00bfSe acuerdan ustedes c\u00f3mo la se\u00f1ora Xochitl denunciaba y denunciaba y denunciaba? Y ahora que dimos a conocer que la se\u00f1ora tiene dos empresas y que le ha ido muy bien, porque de vender gelatinas pas\u00f3 a ser millonaria, y dimos a conocer que en nueve a\u00f1os su empresa obtuvo contratos tanto del gobierno como de desarrolladores por mil 400 millones de pesos, una empresa pr\u00f3spera, y empiezan a decir que no jugamos limpio. Como es la candidata, todav\u00eda lo puedo decir porque no nos han notificado (el INE), todav\u00eda no, una vez que nos notifiquen ya no podemos hablar pero todav\u00eda tenemos unas horas.<\/p>\n<p>FUENTE: LA JORNADA<\/p>\n<p>foto: la jornada<\/p>\n","protected":false},"excerpt":{"rendered":"<p>El presidente Andr\u00e9s Manuel L\u00f3pez Obrador asegur\u00f3 que cumplir\u00e1 \u201cbajo protesta\u201d el ordenamiento de las autoridades electorales para que no se manifieste sobre los aspirantes presidenciales y el proceso para 2024. Sin embargo, dej\u00f3 claro que a\u00fan no ha recibido la notificaci\u00f3n del Instituto Nacional Electoral (INE) por lo que este lunes de nuevo di\u00f3 [&hellip;]<\/p>\n","protected":false},"author":9,"featured_media":43892,"comment_status":"closed","ping_status":"closed","sticky":false,"template":"","format":"standard","meta":{"footnotes":""},"categories":[19],"tags":[124,1269,5859,8401,8346],"class_list":["post-43891","post","type-post","status-publish","format-standard","has-post-thumbnail","hentry","category-nacional","tag-amlo","tag-ine","tag-ultimas-noticias","tag-xochitl","tag-xochitlgalvez"],"_links":{"self":[{"href":"https:\/\/laultimapalabra.com.mx\/portal\/wp-json\/wp\/v2\/posts\/43891","targetHints":{"allow":["GET"]}}],"collection":[{"href":"https:\/\/laultimapalabra.com.mx\/portal\/wp-json\/wp\/v2\/posts"}],"about":[{"href":"https:\/\/laultimapalabra.com.mx\/portal\/wp-json\/wp\/v2\/types\/post"}],"author":[{"embeddable":true,"href":"https:\/\/laultimapalabra.com.mx\/portal\/wp-json\/wp\/v2\/users\/9"}],"replies":[{"embeddable":true,"href":"https:\/\/laultimapalabra.com.mx\/portal\/wp-json\/wp\/v2\/comments?post=43891"}],"version-history":[{"count":1,"href":"https:\/\/laultimapalabra.com.mx\/portal\/wp-json\/wp\/v2\/posts\/43891\/revisions"}],"predecessor-version":[{"id":43893,"href":"https:\/\/laultimapalabra.com.mx\/portal\/wp-json\/wp\/v2\/posts\/43891\/revisions\/43893"}],"wp:featuredmedia":[{"embeddable":true,"href":"https:\/\/laultimapalabra.com.mx\/portal\/wp-json\/wp\/v2\/media\/43892"}],"wp:attachment":[{"href":"https:\/\/laultimapalabra.com.mx\/portal\/wp-json\/wp\/v2\/media?parent=43891"}],"wp:term":[{"taxonomy":"category","embeddable":true,"href":"https:\/\/laultimapalabra.com.mx\/portal\/wp-json\/wp\/v2\/categories?post=43891"},{"taxonomy":"post_tag","embeddable":true,"href":"https:\/\/laultimapalabra.com.mx\/portal\/wp-json\/wp\/v2\/tags?post=43891"}],"curies":[{"name":"wp","href":"https:\/\/api.w.org\/{rel}","templated":true}]}}