                       {"id":43894,"date":"2023-07-17T14:24:20","date_gmt":"2023-07-17T20:24:20","guid":{"rendered":"https:\/\/laultimapalabra.com.mx\/portal\/?p=43894"},"modified":"2023-07-17T14:24:20","modified_gmt":"2023-07-17T20:24:20","slug":"amlo-visitara-colombia-para-discutir-sobre-lucha-antidrogas","status":"publish","type":"post","link":"https:\/\/laultimapalabra.com.mx\/portal\/amlo-visitara-colombia-para-discutir-sobre-lucha-antidrogas\/","title":{"rendered":"AMLO visitar\u00e1 Colombia para discutir sobre lucha antidrogas"},"content":{"rendered":"<p>Ciudad de M\u00e9xico. &#8211; El presidente de M\u00e9xico, Andr\u00e9s Manuel L\u00f3pez Obrador, visitar\u00e1 Colombia los pr\u00f3ximos 8 y 9 de septiembre para reunirse con su hom\u00f3logo Gustavo Petro y discutir la propuesta de cambio del paradigma en la lucha antidrogas, entre otros asuntos.<\/p>\n<p>As\u00ed lo confirmaron el canciller colombiano, \u00c1lvaro Leyva, y la Secretaria de Relaciones Exteriores mexicana, Alicia B\u00e1rcena, tras reunirse en Bruselas en el marco de la cumbre de la Uni\u00f3n Europea y la Comunidad de Estados Latinoamericanos y Caribe\u00f1os (Celac).<\/p>\n<p>Entre los temas de inter\u00e9s mutuo que abordaron estuvieron las cumbres sobre migraci\u00f3n y drogas en las que ambos pa\u00edses trabajan conjuntamente, agreg\u00f3 la Canciller\u00eda colombiana en un comunicado.<\/p>\n<p>La visita de L\u00f3pez Obrador ya se hab\u00eda anunciado a finales del a\u00f1o pasado tras la invitaci\u00f3n que le extendi\u00f3 Petro en su viaje oficial a M\u00e9xico, pero no se hab\u00eda fijado fecha hasta el momento.<\/p>\n<p>FUENTE: ABC NOTICIAS<\/p>\n<p>foto: abc noticias<\/p>\n","protected":false},"excerpt":{"rendered":"<p>Ciudad de M\u00e9xico. &#8211; El presidente de M\u00e9xico, Andr\u00e9s Manuel L\u00f3pez Obrador, visitar\u00e1 Colombia los pr\u00f3ximos 8 y 9 de septiembre para reunirse con su hom\u00f3logo Gustavo Petro y discutir la propuesta de cambio del paradigma en la lucha antidrogas, entre otros asuntos. As\u00ed lo confirmaron el canciller colombiano, \u00c1lvaro Leyva, y la Secretaria de [&hellip;]<\/p>\n","protected":false},"author":9,"featured_media":43895,"comment_status":"closed","ping_status":"closed","sticky":false,"template":"","format":"standard","meta":{"footnotes":""},"categories":[19],"tags":[124,5634,7240,8402,5859],"class_list":["post-43894","post","type-post","status-publish","format-standard","has-post-thumbnail","hentry","category-nacional","tag-amlo","tag-colombia","tag-gustavopetro","tag-luchaantidrogas","tag-ultimas-noticias"],"_links":{"self":[{"href":"https:\/\/laultimapalabra.com.mx\/portal\/wp-json\/wp\/v2\/posts\/43894","targetHints":{"allow":["GET"]}}],"collection":[{"href":"https:\/\/laultimapalabra.com.mx\/portal\/wp-json\/wp\/v2\/posts"}],"about":[{"href":"https:\/\/laultimapalabra.com.mx\/portal\/wp-json\/wp\/v2\/types\/post"}],"author":[{"embeddable":true,"href":"https:\/\/laultimapalabra.com.mx\/portal\/wp-json\/wp\/v2\/users\/9"}],"replies":[{"embeddable":true,"href":"https:\/\/laultimapalabra.com.mx\/portal\/wp-json\/wp\/v2\/comments?post=43894"}],"version-history":[{"count":1,"href":"https:\/\/laultimapalabra.com.mx\/portal\/wp-json\/wp\/v2\/posts\/43894\/revisions"}],"predecessor-version":[{"id":43896,"href":"https:\/\/laultimapalabra.com.mx\/portal\/wp-json\/wp\/v2\/posts\/43894\/revisions\/43896"}],"wp:featuredmedia":[{"embeddable":true,"href":"https:\/\/laultimapalabra.com.mx\/portal\/wp-json\/wp\/v2\/media\/43895"}],"wp:attachment":[{"href":"https:\/\/laultimapalabra.com.mx\/portal\/wp-json\/wp\/v2\/media?parent=43894"}],"wp:term":[{"taxonomy":"category","embeddable":true,"href":"https:\/\/laultimapalabra.com.mx\/portal\/wp-json\/wp\/v2\/categories?post=43894"},{"taxonomy":"post_tag","embeddable":true,"href":"https:\/\/laultimapalabra.com.mx\/portal\/wp-json\/wp\/v2\/tags?post=43894"}],"curies":[{"name":"wp","href":"https:\/\/api.w.org\/{rel}","templated":true}]}}