                       {"id":4392,"date":"2018-10-26T07:00:58","date_gmt":"2018-10-26T07:00:58","guid":{"rendered":"http:\/\/laultimapalabra.info\/?p=4392"},"modified":"2024-12-11T08:53:20","modified_gmt":"2024-12-11T14:53:20","slug":"ratifican-a-heriberto-como-alcalde-electo","status":"publish","type":"post","link":"https:\/\/laultimapalabra.com.mx\/portal\/ratifican-a-heriberto-como-alcalde-electo\/","title":{"rendered":"Ratifican a Heriberto como alcalde electo"},"content":{"rendered":"<p style=\"text-align: justify;\">Termina en la Sala Monterrey del TEPJF, la lucha jur\u00eddica por la alcald\u00eda de Ju\u00e1rez y se ignora si Am\u00e9rico Garza Salinas contin\u00fae el recurso de Revisi\u00f3n en la Sala Superior<\/p>\n<p style=\"text-align: justify;\">\u00a0<img loading=\"lazy\" decoding=\"async\" class=\"size-medium wp-image-4394 alignleft\" src=\"https:\/\/laultimapalabra.com.mx\/portal\/wp-content\/uploads\/2018\/11\/esta-1-300x200.jpg\" alt=\"\" width=\"300\" height=\"200\" \/>Miguel Oscar P\u00e9rez<br \/>\nCD. BENITO JU\u00c1REZ, N.L.-<br \/>\nEl alcalde electo y en funciones Heriberto Trevi\u00f1o Cant\u00fa, fue ratificado por la Sala Monterrey del Tribunal Electoral del Poder Judicial Federal como alcalde en la pr\u00f3xima administraci\u00f3n 2018-2021 para el gobierno municipal de Ju\u00e1rez.<br \/>\nEl juicio de apelaci\u00f3n 205\/2018 en la que el ex candidato independiente Am\u00e9rico Garza Salinas impugnaba presuntas irregularidades en aproximadamente la mitad de las 359 casillas que comprende Ju\u00e1rez, as\u00ed como la fiscalizaci\u00f3n por presunto exceso de gastos de campa\u00f1a de los acordados por la ley.<br \/>\nFue el martes 23 de octubre en una marat\u00f3nica jornada donde ten\u00edan que desahogar m\u00e1s de 96 expedientes en la Sala Monterrey, los magistrados: Claudia Valle Aguilasocho, Magistrada Presidenta y los magistrados Yairsinio David Garc\u00eda Ortiz y Jorge Emilio S\u00e1nchez-Cordero Grossmann, entre ellos las dos apelaciones interpuestas contra la sentencia del Tribunal Estatal Electoral y el INE.<br \/>\n<img loading=\"lazy\" decoding=\"async\" class=\"size-medium wp-image-4393 alignleft\" src=\"https:\/\/laultimapalabra.com.mx\/portal\/wp-content\/uploads\/2018\/11\/2-1-300x199.jpg\" alt=\"\" width=\"300\" height=\"199\" \/>\u201cDoy cuenta con el proyecto de sentencia relativo del recurso de apelaci\u00f3n 205\/2018 de este a\u00f1o, interpuesto por Am\u00e9rico Garza Salinas en su calidad de candidato independiente a la Presidencia Municipal del Ayuntamiento de Ju\u00e1rez, Nuevo Le\u00f3n\u201d, ley\u00f3 el secretario en turno.<br \/>\nAclar\u00f3 que la inconformidad iba dirigida en contra del Consejo General del Instituto Nacional Electoral, por poner solamente una sanci\u00f3n al candidato de la Coalici\u00f3n \u201cCiudadanos por M\u00e9xico\u201d, por las sanciones derivadas por los gastos de campa\u00f1a.<br \/>\n\u201cEl proyecto propone confirmar la resoluci\u00f3n impugnada, en virtud de que es ineficaz el agravio hecho valer, relativo a que Heriberto Trevi\u00f1o Cant\u00fa, super\u00f3 m\u00e1s del 5% del tope de gastos de campa\u00f1a, puesto que no contraviene los razonamientos que sustentaron en la resoluci\u00f3n impugnada\u201d, detall\u00f3.<br \/>\nTambi\u00e9n se se\u00f1al\u00f3 que era infundada esa impugnaci\u00f3n, toda vez que Trevi\u00f1o Cant\u00fa entreg\u00f3 todo lo relativo a sus gastos de campa\u00f1a, por lo que confirmaron la sentencia que lo sit\u00faa como el alcalde electo de Ju\u00e1rez, Nuevo Le\u00f3n.<br \/>\nAl momento de la votaci\u00f3n los tres magistrados votaron a favor de la sentencia que se ratifica y acaba la zozobra de algunos de los seguidores de ambos lados que se encontraban en tensi\u00f3n.<br \/>\nAunque a\u00fan queda la instancia d la Sala Superior del TEPJF, el empresario tamalero no ha dado ninguna declaraci\u00f3n si continuara en la lucha jur\u00eddica para buscar por los medios legales la alcald\u00eda de Ju\u00e1rez.<br \/>\nAl contrario se corri\u00f3 la versi\u00f3n en redes sociales, por medio de sus allegados que Garza Salinas convocaba su equipo de campa\u00f1a en su comit\u00e9 para agradecer el apoyo brindado en los dos meses de campa\u00f1a y la lucha postelectoral.<\/p>\n","protected":false},"excerpt":{"rendered":"<p>Termina en la Sala Monterrey del TEPJF, la lucha jur\u00eddica por la alcald\u00eda de Ju\u00e1rez y se ignora si Am\u00e9rico Garza Salinas contin\u00fae el recurso de Revisi\u00f3n en la Sala Superior \u00a0Miguel Oscar P\u00e9rez CD. BENITO JU\u00c1REZ, N.L.- El alcalde electo y en funciones Heriberto Trevi\u00f1o Cant\u00fa, fue ratificado por la Sala Monterrey del Tribunal [&hellip;]<\/p>\n","protected":false},"author":9,"featured_media":4395,"comment_status":"open","ping_status":"closed","sticky":false,"template":"","format":"standard","meta":{"footnotes":""},"categories":[18,7],"tags":[121,1188,1248,1854],"class_list":["post-4392","post","type-post","status-publish","format-standard","has-post-thumbnail","hentry","category-locales-juarez","category-portada-juarez","tag-americo-garza-salinas","tag-heriberto-trevino-cantu","tag-impugnacion-juarez-2018","tag-pri-juarez"],"_links":{"self":[{"href":"https:\/\/laultimapalabra.com.mx\/portal\/wp-json\/wp\/v2\/posts\/4392","targetHints":{"allow":["GET"]}}],"collection":[{"href":"https:\/\/laultimapalabra.com.mx\/portal\/wp-json\/wp\/v2\/posts"}],"about":[{"href":"https:\/\/laultimapalabra.com.mx\/portal\/wp-json\/wp\/v2\/types\/post"}],"author":[{"embeddable":true,"href":"https:\/\/laultimapalabra.com.mx\/portal\/wp-json\/wp\/v2\/users\/9"}],"replies":[{"embeddable":true,"href":"https:\/\/laultimapalabra.com.mx\/portal\/wp-json\/wp\/v2\/comments?post=4392"}],"version-history":[{"count":1,"href":"https:\/\/laultimapalabra.com.mx\/portal\/wp-json\/wp\/v2\/posts\/4392\/revisions"}],"predecessor-version":[{"id":65370,"href":"https:\/\/laultimapalabra.com.mx\/portal\/wp-json\/wp\/v2\/posts\/4392\/revisions\/65370"}],"wp:featuredmedia":[{"embeddable":true,"href":"https:\/\/laultimapalabra.com.mx\/portal\/wp-json\/"}],"wp:attachment":[{"href":"https:\/\/laultimapalabra.com.mx\/portal\/wp-json\/wp\/v2\/media?parent=4392"}],"wp:term":[{"taxonomy":"category","embeddable":true,"href":"https:\/\/laultimapalabra.com.mx\/portal\/wp-json\/wp\/v2\/categories?post=4392"},{"taxonomy":"post_tag","embeddable":true,"href":"https:\/\/laultimapalabra.com.mx\/portal\/wp-json\/wp\/v2\/tags?post=4392"}],"curies":[{"name":"wp","href":"https:\/\/api.w.org\/{rel}","templated":true}]}}