                       {"id":43987,"date":"2023-07-19T14:14:13","date_gmt":"2023-07-19T20:14:13","guid":{"rendered":"https:\/\/laultimapalabra.com.mx\/portal\/?p=43987"},"modified":"2023-07-19T14:14:13","modified_gmt":"2023-07-19T20:14:13","slug":"critica-amlo-publicacion-de-encuestas-de-aspirantes-presidenciales","status":"publish","type":"post","link":"https:\/\/laultimapalabra.com.mx\/portal\/critica-amlo-publicacion-de-encuestas-de-aspirantes-presidenciales\/","title":{"rendered":"Critica AMLO publicaci\u00f3n de encuestas de aspirantes presidenciales"},"content":{"rendered":"<p>CDMX.-El presidente Andr\u00e9s Manuel L\u00f3pez Obrador critic\u00f3 este martes la publicaci\u00f3n de encuestas que colocan a la senadora X\u00f3chitl G\u00e1lvez como puntera en la contienda por la candidatura presidencial de la oposici\u00f3n.<\/p>\n<p>En su conferencia de prensa ma\u00f1anera, se\u00f1al\u00f3 que hay antecedentes de encuestas con las que se busca manipular a la opini\u00f3n p\u00fablica, como las publicadas por distintas encuestadoras en las elecciones presidenciales de 2012 y por las que luego los comunicadores que las difundieron tuvieron que pedir disculpas.<\/p>\n<p>\u201cLos j\u00f3venes no se acuerdan de esto, eran muy ni\u00f1os, pero ahora retoman la misma estrategia\u201d, se\u00f1al\u00f3, al referir que ayer la misma encuesta fue mencionada en distintos espacios radiof\u00f3nicos en lo que llam\u00f3 \u201cnado sincronizado\u201d de los medios de comunicaci\u00f3n.<\/p>\n<p>FUENTE: LA JORNADA<\/p>\n<p>foto: la jornada<\/p>\n","protected":false},"excerpt":{"rendered":"<p>CDMX.-El presidente Andr\u00e9s Manuel L\u00f3pez Obrador critic\u00f3 este martes la publicaci\u00f3n de encuestas que colocan a la senadora X\u00f3chitl G\u00e1lvez como puntera en la contienda por la candidatura presidencial de la oposici\u00f3n. En su conferencia de prensa ma\u00f1anera, se\u00f1al\u00f3 que hay antecedentes de encuestas con las que se busca manipular a la opini\u00f3n p\u00fablica, como [&hellip;]<\/p>\n","protected":false},"author":9,"featured_media":43988,"comment_status":"closed","ping_status":"closed","sticky":false,"template":"","format":"standard","meta":{"footnotes":""},"categories":[19],"tags":[124,7819,8442,5859,8401,8346],"class_list":["post-43987","post","type-post","status-publish","format-standard","has-post-thumbnail","hentry","category-nacional","tag-amlo","tag-aspirantes","tag-presidencia","tag-ultimas-noticias","tag-xochitl","tag-xochitlgalvez"],"_links":{"self":[{"href":"https:\/\/laultimapalabra.com.mx\/portal\/wp-json\/wp\/v2\/posts\/43987","targetHints":{"allow":["GET"]}}],"collection":[{"href":"https:\/\/laultimapalabra.com.mx\/portal\/wp-json\/wp\/v2\/posts"}],"about":[{"href":"https:\/\/laultimapalabra.com.mx\/portal\/wp-json\/wp\/v2\/types\/post"}],"author":[{"embeddable":true,"href":"https:\/\/laultimapalabra.com.mx\/portal\/wp-json\/wp\/v2\/users\/9"}],"replies":[{"embeddable":true,"href":"https:\/\/laultimapalabra.com.mx\/portal\/wp-json\/wp\/v2\/comments?post=43987"}],"version-history":[{"count":1,"href":"https:\/\/laultimapalabra.com.mx\/portal\/wp-json\/wp\/v2\/posts\/43987\/revisions"}],"predecessor-version":[{"id":43989,"href":"https:\/\/laultimapalabra.com.mx\/portal\/wp-json\/wp\/v2\/posts\/43987\/revisions\/43989"}],"wp:featuredmedia":[{"embeddable":true,"href":"https:\/\/laultimapalabra.com.mx\/portal\/wp-json\/wp\/v2\/media\/43988"}],"wp:attachment":[{"href":"https:\/\/laultimapalabra.com.mx\/portal\/wp-json\/wp\/v2\/media?parent=43987"}],"wp:term":[{"taxonomy":"category","embeddable":true,"href":"https:\/\/laultimapalabra.com.mx\/portal\/wp-json\/wp\/v2\/categories?post=43987"},{"taxonomy":"post_tag","embeddable":true,"href":"https:\/\/laultimapalabra.com.mx\/portal\/wp-json\/wp\/v2\/tags?post=43987"}],"curies":[{"name":"wp","href":"https:\/\/api.w.org\/{rel}","templated":true}]}}