                       {"id":44004,"date":"2023-07-19T15:14:06","date_gmt":"2023-07-19T21:14:06","guid":{"rendered":"https:\/\/laultimapalabra.com.mx\/portal\/?p=44004"},"modified":"2023-07-19T15:14:06","modified_gmt":"2023-07-19T21:14:06","slug":"fox-pide-a-xochitl-si-gana-quitar-ayudas-sociales-y-revivir-pension-a-expresidentes","status":"publish","type":"post","link":"https:\/\/laultimapalabra.com.mx\/portal\/fox-pide-a-xochitl-si-gana-quitar-ayudas-sociales-y-revivir-pension-a-expresidentes\/","title":{"rendered":"Fox pide a X\u00f3chitl (si gana) quitar ayudas sociales y revivir pensi\u00f3n a exPresidentes\u00a0"},"content":{"rendered":"<p>Ciudad de M\u00e9xico.- El expresidente Vicente Fox Quesada pidi\u00f3 que en caso de que la panista X\u00f3chitl G\u00e1lvez Ruiz llegue a la Presidencia de M\u00e9xico en 2024, se quiten los programas sociales y que le devuelvan la pensi\u00f3n que le correspond\u00eda por ser exmandatario, pues ha \u201cbatallado econ\u00f3micamente\u201d.<\/p>\n<p>En una entrevista con el periodista Fernando del Collado para el programa \u201cTragaluz\u201d del canal de YouTube de Latinus, llam\u00f3 a la posible candidata del Frente Amplio por M\u00e9xico -que conjunta a los partidos PAN, PRI y PRD- a que quite los programas sociales, la mayor\u00eda de ellos impulsados por la actual administraci\u00f3n de Andr\u00e9s Manuel L\u00f3pez Obrador.<\/p>\n<p>\u201cOjal\u00e1 y X\u00f3chitl [G\u00e1lvez] nos cumpla de que los huevones no caben en el Gobierno y tampoco en el pa\u00eds. Ya se acab\u00f3 de que est\u00e9n recibiendo programas sociales: \u2018\u00a1A trabajar cabrones!\u2019, como dice X\u00f3chitl\u201d, cit\u00f3 Fox Quesada.<\/p>\n<p>Adem\u00e1s, comparti\u00f3 las dificultades econ\u00f3micas que ha enfrentado ante la cancelaci\u00f3n de su pensi\u00f3n como expresidente y refiri\u00f3 que ese derecho \u201csin duda\u201d debe ser restituido.<\/p>\n<p>\u201c[Estoy] Batallando para sobrevivir econ\u00f3micamente, s\u00ed me ha costado trabajo. La p\u00e9rdida de la pensi\u00f3n, la p\u00e9rdida de los apoyos de talento y de recurso humano, y la p\u00e9rdida de los seguros. El seguro de gastos m\u00e9dicos mayores anda en 100 mil pesos mensuales a mi edad, y tengo que pagarlo yo\u201d, se quej\u00f3 el panista.<\/p>\n<p>\u201cLos presidentes deben tener tranquilidad, los expresidentes igual, sucede en todo el mundo. No hay que mandarlos a la hoguera porque se portan mal\u201d, agreg\u00f3 en la conversaci\u00f3n con el medio.<\/p>\n<p>El Presidente Andr\u00e9s Manuel L\u00f3pez Obrador anunci\u00f3 la ma\u00f1ana de este mi\u00e9rcoles una nueva secci\u00f3n en su conferencia de prensa matutina: \u201cNo lo digo yo\u201d.<\/p>\n<p>Este espacio surge como respuesta a la resoluci\u00f3n que di\u00f3 la Comisi\u00f3n de Quejas del Instituto Nacional Electoral (INE) para que se abstenga de emitir expresiones en contra de las y los aspirantes presidenciales durante sus conferencias matutinas, tal y como lo solicit\u00f3 la Senadora panista X\u00f3chitl G\u00e1lvez Ruiz.<\/p>\n<p>\u201cComo ya no puedo hablar mucho porque me \u2018cepillan\u2019 los del INE, los del Tribunal Electoral, voy a tener una secci\u00f3n nueva. [\u2026] Yo estoy proponiendo que se llame \u2018No lo digo yo\u2019. Y nada m\u00e1s lo ponemos aqu\u00ed, o sea, de lo que dicen para que la gente tenga informaci\u00f3n\u201d, dijo.<\/p>\n<p>L\u00f3pez Obrador argument\u00f3 que hay mucha gente sin acceso a los medios de comunicaci\u00f3n o a la informaci\u00f3n porque no cuentan con las v\u00edas para hacerlo, \u201caparte de que hay censura\u201d y \u201cla informaci\u00f3n es selectiva\u201d.<\/p>\n<p>\u201cSe da a conocer nada m\u00e1s lo que les conviene, hay muchas cosas que se ocultan, por eso es bueno que aqu\u00ed se transmitan noticias importantes para que la gente se informe m\u00e1s\u201d, destac\u00f3 desde Palacio Nacional.<\/p>\n<p>Por ello, el mandatario quiso inaugurar la nueva secci\u00f3n de la \u201cma\u00f1anera\u201d con las declaraciones que di\u00f3 el expresidente Vicente Fox Quesada durante una entrevista con Latinus, la cual se difundi\u00f3 el lunes pasado.<\/p>\n<p>FUENTE: REDACCI\u00d3N\/SIN EMBARGO<\/p>\n","protected":false},"excerpt":{"rendered":"<p>Ciudad de M\u00e9xico.- El expresidente Vicente Fox Quesada pidi\u00f3 que en caso de que la panista X\u00f3chitl G\u00e1lvez Ruiz llegue a la Presidencia de M\u00e9xico en 2024, se quiten los programas sociales y que le devuelvan la pensi\u00f3n que le correspond\u00eda por ser exmandatario, pues ha \u201cbatallado econ\u00f3micamente\u201d. En una entrevista con el periodista Fernando [&hellip;]<\/p>\n","protected":false},"author":9,"featured_media":44005,"comment_status":"closed","ping_status":"closed","sticky":false,"template":"","format":"standard","meta":{"footnotes":""},"categories":[19],"tags":[124,8448,8446,8447,5859,6696],"class_list":["post-44004","post","type-post","status-publish","format-standard","has-post-thumbnail","hentry","category-nacional","tag-amlo","tag-huevones","tag-mecepillan","tag-nolodigoyo","tag-ultimas-noticias","tag-vicentefox"],"_links":{"self":[{"href":"https:\/\/laultimapalabra.com.mx\/portal\/wp-json\/wp\/v2\/posts\/44004","targetHints":{"allow":["GET"]}}],"collection":[{"href":"https:\/\/laultimapalabra.com.mx\/portal\/wp-json\/wp\/v2\/posts"}],"about":[{"href":"https:\/\/laultimapalabra.com.mx\/portal\/wp-json\/wp\/v2\/types\/post"}],"author":[{"embeddable":true,"href":"https:\/\/laultimapalabra.com.mx\/portal\/wp-json\/wp\/v2\/users\/9"}],"replies":[{"embeddable":true,"href":"https:\/\/laultimapalabra.com.mx\/portal\/wp-json\/wp\/v2\/comments?post=44004"}],"version-history":[{"count":1,"href":"https:\/\/laultimapalabra.com.mx\/portal\/wp-json\/wp\/v2\/posts\/44004\/revisions"}],"predecessor-version":[{"id":44006,"href":"https:\/\/laultimapalabra.com.mx\/portal\/wp-json\/wp\/v2\/posts\/44004\/revisions\/44006"}],"wp:featuredmedia":[{"embeddable":true,"href":"https:\/\/laultimapalabra.com.mx\/portal\/wp-json\/wp\/v2\/media\/44005"}],"wp:attachment":[{"href":"https:\/\/laultimapalabra.com.mx\/portal\/wp-json\/wp\/v2\/media?parent=44004"}],"wp:term":[{"taxonomy":"category","embeddable":true,"href":"https:\/\/laultimapalabra.com.mx\/portal\/wp-json\/wp\/v2\/categories?post=44004"},{"taxonomy":"post_tag","embeddable":true,"href":"https:\/\/laultimapalabra.com.mx\/portal\/wp-json\/wp\/v2\/tags?post=44004"}],"curies":[{"name":"wp","href":"https:\/\/api.w.org\/{rel}","templated":true}]}}