                       {"id":44030,"date":"2023-07-20T11:50:24","date_gmt":"2023-07-20T17:50:24","guid":{"rendered":"https:\/\/laultimapalabra.com.mx\/portal\/?p=44030"},"modified":"2023-07-20T11:50:24","modified_gmt":"2023-07-20T17:50:24","slug":"el-pan-desmiente-a-fox-xochitl-no-los-programas-sociales-de-amlo-se-quedan-dice","status":"publish","type":"post","link":"https:\/\/laultimapalabra.com.mx\/portal\/el-pan-desmiente-a-fox-xochitl-no-los-programas-sociales-de-amlo-se-quedan-dice\/","title":{"rendered":"El PAN desmiente a Fox (X\u00f3chitl, no): los programas sociales de AMLO se quedan, dice"},"content":{"rendered":"<p>Ciudad de M\u00e9xico.- El Partido Acci\u00f3n Nacional (PAN) desminti\u00f3 al expresidente Vicente Fox Quesada, quien pidi\u00f3 que, en caso de que la Senadora X\u00f3chitl G\u00e1lvez ganara la Presidencia en 2024, se retiren los programas sociales.<\/p>\n<p>A trav\u00e9s de un comunicado, el PAN se\u00f1al\u00f3 que su Comisi\u00f3n Redactora de la Plataforma Electoral 2024 contempla, dentro de sus labores, mantener y consolidar los apoyos sociales para la poblaci\u00f3n.<\/p>\n<p>\u201cDichos apoyos han sido parte desde hace 24 a\u00f1os de la pol\u00edtica social del pa\u00eds y que los gobiernos del PAN crearon muchos de los m\u00e1s efectivos. Por eso, consideramos que es fundamental recuperar la visi\u00f3n de Estado en su realizaci\u00f3n\u201d, explic\u00f3.<\/p>\n<p>El partido detall\u00f3 que busca llevar a cabo planteamientos para avanzar m\u00e1s en las \u00e1reas de oportunidad y contra insuficiencias existentes.<\/p>\n<p>\u201cLos programas sociales son necesarios para alcanzar una verdadera igualdad\u201d, a\u00f1adi\u00f3 el PAN, quien tambi\u00e9n destac\u00f3 la base constitucional que sustentan dichos incentivos.<\/p>\n<p>El d\u00eda de ayer, Vicente Fox pidi\u00f3 que en caso de que la panista X\u00f3chitl G\u00e1lvez Ruiz llegue a la Presidencia de M\u00e9xico en 2024, se quiten los programas sociales y que le devuelvan la pensi\u00f3n que le correspond\u00eda por ser exmandatario, pues ha \u201cbatallado econ\u00f3micamente\u201d.<\/p>\n<p>En una entrevista con el periodista Fernando del Collado para el programa \u201cTragaluz\u201d del canal de YouTube de Latinus, llam\u00f3 a la posible candidata del Frente Amplio por M\u00e9xico -que conjunta a los partidos PAN, PRI y PRD- a que quite los programas sociales, la mayor\u00eda de ellos impulsados por la actual administraci\u00f3n de Andr\u00e9s Manuel L\u00f3pez Obrador.<\/p>\n<p>\u201cOjal\u00e1 y X\u00f3chitl [G\u00e1lvez] nos cumpla de que los huevones no caben en el Gobierno y tampoco en el pa\u00eds. Ya se acab\u00f3 de que est\u00e9n recibiendo programas sociales: \u2018\u00a1A trabajar cabrones!\u2019, como dice X\u00f3chitl\u201d, cit\u00f3 Fox Quesada.<\/p>\n<p>Adem\u00e1s, comparti\u00f3 las dificultados econ\u00f3micas que ha enfrentado ante la cancelaci\u00f3n de su pensi\u00f3n como expresidente y refiri\u00f3 que ese derecho \u201csin duda\u201d debe ser restituido.<\/p>\n<p>\u201c[Estoy] Batallando para sobrevivir econ\u00f3micamente, s\u00ed me ha costado trabajo. La p\u00e9rdida de la pensi\u00f3n, la p\u00e9rdida de los apoyos de talento y de recurso humano, y la p\u00e9rdida de los seguros. El seguro de gastos m\u00e9dicos mayores anda en 100 mil pesos mensuales a mi edad, y tengo que pagarlo yo\u201d, se quej\u00f3 el panista.<\/p>\n<p>\u201cLos presidentes deben tener tranquilidad, los expresidentes igual, sucede en todo el mundo. No hay que mandarlos a la hoguera porque se portan mal\u201d, agreg\u00f3 en la conversaci\u00f3n con el medio.<\/p>\n<p>FUENTE: SIN EMBARGO MX<\/p>\n<p>foto: sin embargo<\/p>\n","protected":false},"excerpt":{"rendered":"<p>Ciudad de M\u00e9xico.- El Partido Acci\u00f3n Nacional (PAN) desminti\u00f3 al expresidente Vicente Fox Quesada, quien pidi\u00f3 que, en caso de que la Senadora X\u00f3chitl G\u00e1lvez ganara la Presidencia en 2024, se retiren los programas sociales. A trav\u00e9s de un comunicado, el PAN se\u00f1al\u00f3 que su Comisi\u00f3n Redactora de la Plataforma Electoral 2024 contempla, dentro de [&hellip;]<\/p>\n","protected":false},"author":9,"featured_media":44031,"comment_status":"closed","ping_status":"closed","sticky":false,"template":"","format":"standard","meta":{"footnotes":""},"categories":[19],"tags":[8458,5781,8457,5859,8401],"class_list":["post-44030","post","type-post","status-publish","format-standard","has-post-thumbnail","hentry","category-nacional","tag-atrabajarcabrones-amlo","tag-fox","tag-tragaluz","tag-ultimas-noticias","tag-xochitl"],"_links":{"self":[{"href":"https:\/\/laultimapalabra.com.mx\/portal\/wp-json\/wp\/v2\/posts\/44030","targetHints":{"allow":["GET"]}}],"collection":[{"href":"https:\/\/laultimapalabra.com.mx\/portal\/wp-json\/wp\/v2\/posts"}],"about":[{"href":"https:\/\/laultimapalabra.com.mx\/portal\/wp-json\/wp\/v2\/types\/post"}],"author":[{"embeddable":true,"href":"https:\/\/laultimapalabra.com.mx\/portal\/wp-json\/wp\/v2\/users\/9"}],"replies":[{"embeddable":true,"href":"https:\/\/laultimapalabra.com.mx\/portal\/wp-json\/wp\/v2\/comments?post=44030"}],"version-history":[{"count":1,"href":"https:\/\/laultimapalabra.com.mx\/portal\/wp-json\/wp\/v2\/posts\/44030\/revisions"}],"predecessor-version":[{"id":44032,"href":"https:\/\/laultimapalabra.com.mx\/portal\/wp-json\/wp\/v2\/posts\/44030\/revisions\/44032"}],"wp:featuredmedia":[{"embeddable":true,"href":"https:\/\/laultimapalabra.com.mx\/portal\/wp-json\/wp\/v2\/media\/44031"}],"wp:attachment":[{"href":"https:\/\/laultimapalabra.com.mx\/portal\/wp-json\/wp\/v2\/media?parent=44030"}],"wp:term":[{"taxonomy":"category","embeddable":true,"href":"https:\/\/laultimapalabra.com.mx\/portal\/wp-json\/wp\/v2\/categories?post=44030"},{"taxonomy":"post_tag","embeddable":true,"href":"https:\/\/laultimapalabra.com.mx\/portal\/wp-json\/wp\/v2\/tags?post=44030"}],"curies":[{"name":"wp","href":"https:\/\/api.w.org\/{rel}","templated":true}]}}