                       {"id":4409,"date":"2018-11-01T23:04:52","date_gmt":"2018-11-01T23:04:52","guid":{"rendered":"http:\/\/laultimapalabra.info\/?p=4409"},"modified":"2024-12-11T08:53:20","modified_gmt":"2024-12-11T14:53:20","slug":"octubre-26-de-1842-entra-en-vigor-el-decreto-que-obliga-a-la-educacion-publica","status":"publish","type":"post","link":"https:\/\/laultimapalabra.com.mx\/portal\/octubre-26-de-1842-entra-en-vigor-el-decreto-que-obliga-a-la-educacion-publica\/","title":{"rendered":"Octubre 26 de 1842\u2026 Entra en vigor el decreto que obliga a la Educaci\u00f3n P\u00fablica"},"content":{"rendered":"<p style=\"text-align: justify;\"><img loading=\"lazy\" decoding=\"async\" class=\"size-medium wp-image-4410 alignleft\" src=\"https:\/\/laultimapalabra.com.mx\/portal\/wp-content\/uploads\/2018\/11\/Santa-anna-253x300.jpg\" alt=\"\" width=\"253\" height=\"300\" \/>Por: Dr. Jos\u00e9 Ascenci\u00f3n Tijerina Flores<\/p>\n<p style=\"text-align: justify;\">En esa fecha el General Antonio L\u00f3pez de Santa Anna expide un decreto que declara la obligatoriedad de la educaci\u00f3n desde los siete a\u00f1os hasta los 15 a\u00f1os de edad para hombres y mujeres en M\u00e9xico.<br \/>\nEl sistema educativo que prevalec\u00eda en aquel momento era el Lancasteriano, que permit\u00eda estudiar a bajo costo, pues unos estudiantes ense\u00f1aban a otros.<br \/>\nEste decreto que a todas luces tiene buena intensi\u00f3n, pareciera ser un ardid distractor del Presidente Santa Anna para dar de que hablar, mientras preparaba la disoluci\u00f3n del Congreso para retirase una vez m\u00e1s de la Presidencia de M\u00e9xico (Acci\u00f3n que repetir\u00eda en 11 ocasiones diferentes).<br \/>\nEl General Nicol\u00e1s Bravo lo suplir\u00eda en tan relevante posici\u00f3n hasta el 5 de marzo de 1843.<br \/>\nEl tema de la educaci\u00f3n ideal siempre ha sido una quimera para M\u00e9xico y la campa\u00f1a Lancasteriana lleg\u00f3 a nuestro pa\u00eds justo en el momento que iniciaba la vida democr\u00e1tica el h\u00e9roe Guadalupe Victoria, primer Presidente de M\u00e9xico y tal vez el \u00fanico que termin\u00f3 su mandato en el siglo XIX sin mayores sobresaltos.<br \/>\nJes\u00fas Mart\u00edn Esquivel es citado en \u201cMemorias pol\u00edticas de M\u00e9xico\u201d versi\u00f3n digital, porque escribi\u00f3 que la compa\u00f1\u00eda Lancasteriana hab\u00eda establecido una red de corresponsales suyos en todo M\u00e9xico, pues en cada departamento ten\u00eda una sucursal que atend\u00eda las demandas educativas con el apoyo de los Ayuntamientos, pues ellos eran corresponsables de la impartici\u00f3n de la educaci\u00f3n y de esa forma resolv\u00edan en buena medida el problema, ya que lo dem\u00e1s, que era b\u00e1sicamente el lugar donde impartir las clases nadie los obligaba a que fuera un espacio muy bien acondicionado o simplemente un 01sal\u00f3n donde los estudiantes podr\u00edan escuchar clases.<br \/>\nActualmente sigue sin resolverse del todo en este problema, pues est\u00e1 vigente una Reforma Educativa que exige evaluar al magisterio, pero en el cambio del r\u00e9gimen pol\u00edtico podr\u00eda revertirse para continuar con la antigua costumbre de que un sindicato de maestros sea el que decida lo procedente con la calidad de la educaci\u00f3n.<br \/>\nPor lo tanto, mientras M\u00e9xico no resuelva bien este tema, seguiremos siendo una naci\u00f3n con competitividad relativa frente a las grandes potencias internacionales que poseen un nivel mucho m\u00e1s alto en cuanto a la educaci\u00f3n se refiere.<br \/>\nGracia<\/p>\n","protected":false},"excerpt":{"rendered":"<p>Por: Dr. Jos\u00e9 Ascenci\u00f3n Tijerina Flores En esa fecha el General Antonio L\u00f3pez de Santa Anna expide un decreto que declara la obligatoriedad de la educaci\u00f3n desde los siete a\u00f1os hasta los 15 a\u00f1os de edad para hombres y mujeres en M\u00e9xico. El sistema educativo que prevalec\u00eda en aquel momento era el Lancasteriano, que permit\u00eda [&hellip;]<\/p>\n","protected":false},"author":9,"featured_media":4410,"comment_status":"open","ping_status":"closed","sticky":false,"template":"","format":"standard","meta":{"footnotes":""},"categories":[1],"tags":[879],"class_list":["post-4409","post","type-post","status-publish","format-standard","has-post-thumbnail","hentry","category-noticias","tag-dr-jose-ascencion-tijerina-flores"],"_links":{"self":[{"href":"https:\/\/laultimapalabra.com.mx\/portal\/wp-json\/wp\/v2\/posts\/4409","targetHints":{"allow":["GET"]}}],"collection":[{"href":"https:\/\/laultimapalabra.com.mx\/portal\/wp-json\/wp\/v2\/posts"}],"about":[{"href":"https:\/\/laultimapalabra.com.mx\/portal\/wp-json\/wp\/v2\/types\/post"}],"author":[{"embeddable":true,"href":"https:\/\/laultimapalabra.com.mx\/portal\/wp-json\/wp\/v2\/users\/9"}],"replies":[{"embeddable":true,"href":"https:\/\/laultimapalabra.com.mx\/portal\/wp-json\/wp\/v2\/comments?post=4409"}],"version-history":[{"count":1,"href":"https:\/\/laultimapalabra.com.mx\/portal\/wp-json\/wp\/v2\/posts\/4409\/revisions"}],"predecessor-version":[{"id":65378,"href":"https:\/\/laultimapalabra.com.mx\/portal\/wp-json\/wp\/v2\/posts\/4409\/revisions\/65378"}],"wp:featuredmedia":[{"embeddable":true,"href":"https:\/\/laultimapalabra.com.mx\/portal\/wp-json\/"}],"wp:attachment":[{"href":"https:\/\/laultimapalabra.com.mx\/portal\/wp-json\/wp\/v2\/media?parent=4409"}],"wp:term":[{"taxonomy":"category","embeddable":true,"href":"https:\/\/laultimapalabra.com.mx\/portal\/wp-json\/wp\/v2\/categories?post=4409"},{"taxonomy":"post_tag","embeddable":true,"href":"https:\/\/laultimapalabra.com.mx\/portal\/wp-json\/wp\/v2\/tags?post=4409"}],"curies":[{"name":"wp","href":"https:\/\/api.w.org\/{rel}","templated":true}]}}