                       {"id":44152,"date":"2023-07-24T12:33:23","date_gmt":"2023-07-24T18:33:23","guid":{"rendered":"https:\/\/laultimapalabra.com.mx\/portal\/?p=44152"},"modified":"2023-07-24T12:33:23","modified_gmt":"2023-07-24T18:33:23","slug":"crean-panistas-ola-azul-en-apoyo-al-proyecto-de-claudia-sheinbaum","status":"publish","type":"post","link":"https:\/\/laultimapalabra.com.mx\/portal\/crean-panistas-ola-azul-en-apoyo-al-proyecto-de-claudia-sheinbaum\/","title":{"rendered":"Crean panistas &#8216;Ola Azul&#8217; en apoyo al proyecto de Claudia Sheinbaum"},"content":{"rendered":"<p>Ciudad de M\u00e9xico.- Militantes del Partido Acci\u00f3n Nacional (PAN) formaron la agrupaci\u00f3n Ola Azul con la finalidad de apoyar el proyecto pol\u00edtico de Claudia Sheinbaum Pardo como aspirante a la Presidencia de la Rep\u00fablica en 2024.<\/p>\n<p>Con la presencia de l\u00edderes del panismo como Gerardo Azuara Rosseti, consejero pol\u00edtico del blanquiazul en la capital, el diputado Gonzalo Espina Miranda \u2013quien renunci\u00f3 a la bancada de Acci\u00f3n Nacional para unirse a Morena\u2013 anunci\u00f3 que a partir del mi\u00e9rcoles realizar\u00e1n recorridos por las diferentes alcald\u00edas y estados para sumar a m\u00e1s panistas al proyecto de Sheinbaum.<\/p>\n<p>Al asegurar que no renunciar\u00e1n a su militancia, dijo que los panistas que apoyar\u00e1n a Sheinbaum es porque se sienten m\u00e1s identificados con ella que con la figura de X\u00f3chitl G\u00e1lvez, a quien \u201cquieren imponer\u201d de manera unilateral como candidata de la oposici\u00f3n a la Presidencia.<\/p>\n<p>En conferencia de prensa, Espina Miranda enlist\u00f3 los aspectos en los que est\u00e1n de acuerdo con la ex jefa de Gobierno, como su formaci\u00f3n cient\u00edfica, capacidad de gesti\u00f3n y liderazgo, pol\u00edticas sociales a favor de la seguridad e igualdad de g\u00e9nero, trayectoria y habilidad de construir alianzas con diversos sectores pol\u00edticos.<\/p>\n<p>\u201cPrueba de ello es que por eso estamos aqu\u00ed sum\u00e1ndonos con ella. Nosotros asumimos las consecuencias que tengamos que asumir; hoy por hoy no estamos renunciando y adem\u00e1s creo que ya ser\u00eda absurdo porque debe existir la tolerancia tambi\u00e9n. Ni siquiera la candidata que ellos quieren para su partido es afiliada. Esa alianza perdi\u00f3 credibilidad, es una mezcolanza de ideas pol\u00edticas&#8221;.<\/p>\n<p>\u201cA los panistas que no est\u00e1n de acuerdo con las decisiones tomadas y con el rumbo del partido, desde aqu\u00ed les decimos que no tengan miedo, aqu\u00ed hay una opci\u00f3n para que sigan participando de manera activa en la pol\u00edtica\u201d, coment\u00f3 Espina.<\/p>\n<p>Por su parte, el diputado de Morena Jos\u00e9 Mart\u00edn Padilla levant\u00f3 la mano para competir por la candidatura de su partido a la alcald\u00eda de Miguel Hidalgo, donde gobierna el panista Mauricio Tabe, quien, de acuerdo con los dirigentes de la oposici\u00f3n, podr\u00eda reelegirse en el puesto para otro periodo de tres a\u00f1os.<\/p>\n<p>FUENTE: LA JORNADA<\/p>\n<p>foto: la jornada<\/p>\n","protected":false},"excerpt":{"rendered":"<p>Ciudad de M\u00e9xico.- Militantes del Partido Acci\u00f3n Nacional (PAN) formaron la agrupaci\u00f3n Ola Azul con la finalidad de apoyar el proyecto pol\u00edtico de Claudia Sheinbaum Pardo como aspirante a la Presidencia de la Rep\u00fablica en 2024. Con la presencia de l\u00edderes del panismo como Gerardo Azuara Rosseti, consejero pol\u00edtico del blanquiazul en la capital, el [&hellip;]<\/p>\n","protected":false},"author":9,"featured_media":44153,"comment_status":"closed","ping_status":"closed","sticky":false,"template":"","format":"standard","meta":{"footnotes":""},"categories":[19],"tags":[8496,8497,8495,1691,5859],"class_list":["post-44152","post","type-post","status-publish","format-standard","has-post-thumbnail","hentry","category-nacional","tag-claudiasheinbaum","tag-espinamiranda","tag-olaazul","tag-pan","tag-ultimas-noticias"],"_links":{"self":[{"href":"https:\/\/laultimapalabra.com.mx\/portal\/wp-json\/wp\/v2\/posts\/44152","targetHints":{"allow":["GET"]}}],"collection":[{"href":"https:\/\/laultimapalabra.com.mx\/portal\/wp-json\/wp\/v2\/posts"}],"about":[{"href":"https:\/\/laultimapalabra.com.mx\/portal\/wp-json\/wp\/v2\/types\/post"}],"author":[{"embeddable":true,"href":"https:\/\/laultimapalabra.com.mx\/portal\/wp-json\/wp\/v2\/users\/9"}],"replies":[{"embeddable":true,"href":"https:\/\/laultimapalabra.com.mx\/portal\/wp-json\/wp\/v2\/comments?post=44152"}],"version-history":[{"count":1,"href":"https:\/\/laultimapalabra.com.mx\/portal\/wp-json\/wp\/v2\/posts\/44152\/revisions"}],"predecessor-version":[{"id":44154,"href":"https:\/\/laultimapalabra.com.mx\/portal\/wp-json\/wp\/v2\/posts\/44152\/revisions\/44154"}],"wp:featuredmedia":[{"embeddable":true,"href":"https:\/\/laultimapalabra.com.mx\/portal\/wp-json\/wp\/v2\/media\/44153"}],"wp:attachment":[{"href":"https:\/\/laultimapalabra.com.mx\/portal\/wp-json\/wp\/v2\/media?parent=44152"}],"wp:term":[{"taxonomy":"category","embeddable":true,"href":"https:\/\/laultimapalabra.com.mx\/portal\/wp-json\/wp\/v2\/categories?post=44152"},{"taxonomy":"post_tag","embeddable":true,"href":"https:\/\/laultimapalabra.com.mx\/portal\/wp-json\/wp\/v2\/tags?post=44152"}],"curies":[{"name":"wp","href":"https:\/\/api.w.org\/{rel}","templated":true}]}}