                       {"id":44199,"date":"2023-07-24T21:37:00","date_gmt":"2023-07-25T03:37:00","guid":{"rendered":"https:\/\/laultimapalabra.com.mx\/portal\/?p=44199"},"modified":"2023-07-24T23:03:53","modified_gmt":"2023-07-25T05:03:53","slug":"se-incendia-camion-de-ruta-223s","status":"publish","type":"post","link":"https:\/\/laultimapalabra.com.mx\/portal\/se-incendia-camion-de-ruta-223s\/","title":{"rendered":"Se incendia cami\u00f3n de ruta 223"},"content":{"rendered":"\n<p>Ju\u00e1rez, N.L.-Un fuerte incendio en un cami\u00f3n de la ruta 223, alarm\u00f3 a habitantes de la colonia Las Lomas en el municipio de Ju\u00e1rez.<br \/>El siniestro se registr\u00f3 la tarde de este lunes sobre la avenida Colinas de la Morena, en su cruce con Colina de San Juan.<br \/>Presuntamente un corto circuito en la unidad que iba circulando por el mencionado sitio, es lo que origin\u00f3 el incendio.<br \/>Afortunadamente no hubo personas lesionadas, elementos de Protecci\u00f3n Civil y Bomberos de Ju\u00e1rez al mando de su director, Francisco Moyar, r\u00e1pidamente arribaron al sitio y sofocaron el siniestro.<\/p>\n\n\n\n<figure class=\"wp-block-video\"><video height=\"1316\" style=\"aspect-ratio: 1080 \/ 1316;\" width=\"1080\" controls src=\"https:\/\/laultimapalabra.com.mx\/portal\/wp-content\/uploads\/2023\/07\/VIDEO_9d87a45c-29d7-4e2f-9dfc-847740bfa8e8.mp4\"><\/video><\/figure>\n","protected":false},"excerpt":{"rendered":"<p>Ju\u00e1rez, N.L.-Un fuerte incendio en un cami\u00f3n de la ruta 223, alarm\u00f3 a habitantes de la colonia Las Lomas en el municipio de Ju\u00e1rez.El siniestro se registr\u00f3 la tarde de este lunes sobre la avenida Colinas de la Morena, en su cruce con Colina de San Juan.Presuntamente un corto circuito en la unidad que iba [&hellip;]<\/p>\n","protected":false},"author":7,"featured_media":44201,"comment_status":"closed","ping_status":"closed","sticky":false,"template":"","format":"standard","meta":{"footnotes":""},"categories":[8,10],"tags":[3671,1254,1877,5829],"class_list":["post-44199","post","type-post","status-publish","format-standard","has-post-thumbnail","hentry","category-seguridad","category-seguridad-juarez","tag-bomberos","tag-incendio","tag-proteccion-civil-juarez","tag-transporte-urbano"],"_links":{"self":[{"href":"https:\/\/laultimapalabra.com.mx\/portal\/wp-json\/wp\/v2\/posts\/44199","targetHints":{"allow":["GET"]}}],"collection":[{"href":"https:\/\/laultimapalabra.com.mx\/portal\/wp-json\/wp\/v2\/posts"}],"about":[{"href":"https:\/\/laultimapalabra.com.mx\/portal\/wp-json\/wp\/v2\/types\/post"}],"author":[{"embeddable":true,"href":"https:\/\/laultimapalabra.com.mx\/portal\/wp-json\/wp\/v2\/users\/7"}],"replies":[{"embeddable":true,"href":"https:\/\/laultimapalabra.com.mx\/portal\/wp-json\/wp\/v2\/comments?post=44199"}],"version-history":[{"count":1,"href":"https:\/\/laultimapalabra.com.mx\/portal\/wp-json\/wp\/v2\/posts\/44199\/revisions"}],"predecessor-version":[{"id":44200,"href":"https:\/\/laultimapalabra.com.mx\/portal\/wp-json\/wp\/v2\/posts\/44199\/revisions\/44200"}],"wp:featuredmedia":[{"embeddable":true,"href":"https:\/\/laultimapalabra.com.mx\/portal\/wp-json\/wp\/v2\/media\/44201"}],"wp:attachment":[{"href":"https:\/\/laultimapalabra.com.mx\/portal\/wp-json\/wp\/v2\/media?parent=44199"}],"wp:term":[{"taxonomy":"category","embeddable":true,"href":"https:\/\/laultimapalabra.com.mx\/portal\/wp-json\/wp\/v2\/categories?post=44199"},{"taxonomy":"post_tag","embeddable":true,"href":"https:\/\/laultimapalabra.com.mx\/portal\/wp-json\/wp\/v2\/tags?post=44199"}],"curies":[{"name":"wp","href":"https:\/\/api.w.org\/{rel}","templated":true}]}}