                       {"id":44205,"date":"2023-07-25T11:39:26","date_gmt":"2023-07-25T17:39:26","guid":{"rendered":"https:\/\/laultimapalabra.com.mx\/portal\/?p=44205"},"modified":"2023-07-25T11:39:26","modified_gmt":"2023-07-25T17:39:26","slug":"murio-el-empresario-y-activista-alejandro-marti","status":"publish","type":"post","link":"https:\/\/laultimapalabra.com.mx\/portal\/murio-el-empresario-y-activista-alejandro-marti\/","title":{"rendered":"Muri\u00f3 el empresario y activista Alejandro Mart\u00ed"},"content":{"rendered":"<p>Alejandro Mart\u00ed, activista y empresario, falleci\u00f3 este lunes a los 73 a\u00f1os, de acuerdo con la Organizaci\u00f3n M\u00e9xico SOS, de la cual era fundador y presidente.<\/p>\n<p>La organizaci\u00f3n no dio detalles del suceso.<\/p>\n<p>Mart\u00ed, due\u00f1o de la cadena Deportes Mart\u00ed, se convirti\u00f3 en activista a ra\u00edz del secuestro y asesinato de su hijo Fernando, en junio de 2008.<\/p>\n<p>El empresario es recordado por su frase: \u201cSi no pueden, renuncien\u201d, en reclamo al presidente Felipe Calder\u00f3n y al entonces secretario de Seguridad, Genaro Garc\u00eda Luna en agosto de 2008, durante la firma del Acuerdo Nacional por la Seguridad, la Legalidad y la Justicia.<\/p>\n<p>\u201cNo sigamos usando las oficinas de gobierno, no sigan recibiendo un sueldo por no hacer nada, porque eso tambi\u00e9n es corrupci\u00f3n\u201d, agreg\u00f3 en esa ocasi\u00f3n.<\/p>\n<p>El empresario y su familia pagaron 6 millones de d\u00f3lares para el rescate de su hijo en 2008.<\/p>\n<p>Sin embargo, 53 d\u00edas despu\u00e9s su cuerpo sin vida fue encontrado en la cajuela de un auto abandonado y con reporte de robo en Coyoac\u00e1n.<\/p>\n<p>Tras dichos sucesos, Alejandro Mart\u00ed fund\u00f3 M\u00e9xico SOS, una ONG que combate la inseguridad en el pa\u00eds.<\/p>\n<p>En un comunicado, la Fundaci\u00f3n M\u00e9xico SOS lament\u00f3 el fallecimiento de su fundador.<\/p>\n<p>\u201cLamentamos profundamente el fallecimiento de nuestro querido fundador y presidente Alejandro Joaqu\u00edn Mart\u00ed Garc\u00eda. Esposo, padre, abuelo y amigo entra\u00f1able\u201d, apunt\u00f3.<\/p>\n<p>La ONG destac\u00f3 que Mart\u00ed consagr\u00f3 su vida a hacer de M\u00e9xico un pa\u00eds mejor, pues en los \u00faltimos quince a\u00f1os busc\u00f3 hacer posible la justicia para las v\u00edctimas del delito, defendi\u00f3 sus derechos, y luch\u00f3 contra la inseguridad para alcanzar un pa\u00eds m\u00e1s justo con el prop\u00f3sito de construir la paz.<\/p>\n<p>\u201cAlejandro seguir\u00e1 siendo una inspiraci\u00f3n como l\u00edder y empresario para M\u00e9xico.<\/p>\n<p>Como ciudadano comprometido con su pa\u00eds convoc\u00f3 a la participaci\u00f3n para enfrentar el enorme reto de la inseguridad y la injusticia. Como ejemplo de valor y corresponsabilidad, su voz trascender\u00e1 en las mejores causas\u201d, puntualiz\u00f3.<\/p>\n<p>FUENTE: PERIODICO LA JORNADA<\/p>\n<p>FOTO : alto nivel<\/p>\n","protected":false},"excerpt":{"rendered":"<p>Alejandro Mart\u00ed, activista y empresario, falleci\u00f3 este lunes a los 73 a\u00f1os, de acuerdo con la Organizaci\u00f3n M\u00e9xico SOS, de la cual era fundador y presidente. La organizaci\u00f3n no dio detalles del suceso. Mart\u00ed, due\u00f1o de la cadena Deportes Mart\u00ed, se convirti\u00f3 en activista a ra\u00edz del secuestro y asesinato de su hijo Fernando, en [&hellip;]<\/p>\n","protected":false},"author":9,"featured_media":44206,"comment_status":"closed","ping_status":"closed","sticky":false,"template":"","format":"standard","meta":{"footnotes":""},"categories":[19],"tags":[8513,5217,8514,5859],"class_list":["post-44205","post","type-post","status-publish","format-standard","has-post-thumbnail","hentry","category-nacional","tag-alejandromarti","tag-fallecimiento","tag-mexicosos","tag-ultimas-noticias"],"_links":{"self":[{"href":"https:\/\/laultimapalabra.com.mx\/portal\/wp-json\/wp\/v2\/posts\/44205","targetHints":{"allow":["GET"]}}],"collection":[{"href":"https:\/\/laultimapalabra.com.mx\/portal\/wp-json\/wp\/v2\/posts"}],"about":[{"href":"https:\/\/laultimapalabra.com.mx\/portal\/wp-json\/wp\/v2\/types\/post"}],"author":[{"embeddable":true,"href":"https:\/\/laultimapalabra.com.mx\/portal\/wp-json\/wp\/v2\/users\/9"}],"replies":[{"embeddable":true,"href":"https:\/\/laultimapalabra.com.mx\/portal\/wp-json\/wp\/v2\/comments?post=44205"}],"version-history":[{"count":1,"href":"https:\/\/laultimapalabra.com.mx\/portal\/wp-json\/wp\/v2\/posts\/44205\/revisions"}],"predecessor-version":[{"id":44207,"href":"https:\/\/laultimapalabra.com.mx\/portal\/wp-json\/wp\/v2\/posts\/44205\/revisions\/44207"}],"wp:featuredmedia":[{"embeddable":true,"href":"https:\/\/laultimapalabra.com.mx\/portal\/wp-json\/wp\/v2\/media\/44206"}],"wp:attachment":[{"href":"https:\/\/laultimapalabra.com.mx\/portal\/wp-json\/wp\/v2\/media?parent=44205"}],"wp:term":[{"taxonomy":"category","embeddable":true,"href":"https:\/\/laultimapalabra.com.mx\/portal\/wp-json\/wp\/v2\/categories?post=44205"},{"taxonomy":"post_tag","embeddable":true,"href":"https:\/\/laultimapalabra.com.mx\/portal\/wp-json\/wp\/v2\/tags?post=44205"}],"curies":[{"name":"wp","href":"https:\/\/api.w.org\/{rel}","templated":true}]}}