                       {"id":44285,"date":"2023-07-26T13:08:39","date_gmt":"2023-07-26T19:08:39","guid":{"rendered":"https:\/\/laultimapalabra.com.mx\/portal\/?p=44285"},"modified":"2023-07-26T13:08:39","modified_gmt":"2023-07-26T19:08:39","slug":"samuel-garcia-anuncia-que-tendra-su-mananera-para-tapar-bocas","status":"publish","type":"post","link":"https:\/\/laultimapalabra.com.mx\/portal\/samuel-garcia-anuncia-que-tendra-su-mananera-para-tapar-bocas\/","title":{"rendered":"Samuel Garc\u00eda anuncia que tendr\u00e1 su &#8216;ma\u00f1anera&#8217; para &#8216;tapar bocas&#8217;"},"content":{"rendered":"<p>Monterrey, N.L.- Para que adem\u00e1s de informar a la ciudadan\u00eda sirva para callarle la boca a la \u201cvieja pol\u00edtica\u201d, a partir del 31 de julio el gobernador Samuel Garc\u00eda tendr\u00e1 su \u201cma\u00f1anera\u201d, todos los lunes a las 10:00 horas.<\/p>\n<p>En estas ediciones del Nuevo Le\u00f3n Informa, dar\u00e1 a conocer los avances de su administraci\u00f3n, principalmente en obras p\u00fablicas como las nuevas tres l\u00edneas del Metro, la construcci\u00f3n de un hospital oncol\u00f3gico infantil donde estaba el Penal del Topo Chico, y proyectos carreteros.<\/p>\n<p>Adem\u00e1s, durante el arranque del colado de columnas de la L\u00ednea 6 del Metro, dijo que se detallar\u00e1n planes como el de buscar una segunda pista para el aeropuerto internacional Mariano Escobedo, aunado a que se construir\u00e1 el edificio m\u00e1s alto de Am\u00e9rica Latina en Monterrey.<\/p>\n<p>El emecista, agreg\u00f3 que espera que los nuevoleoneses est\u00e9n bien informados de todo lo que el Gobierno Estatal est\u00e1 llevando a cabo y de paso \u201cmatar la grilla\u201d, por lo que anticip\u00f3 que dar\u00e1n avances de la carretera La Gloria-Colombia.<\/p>\n<p>Adem\u00e1s, enfatiz\u00f3 que van a duplicar las L\u00edneas del Metro de 3 a 6, y que van a reconstruir completamente la L\u00ednea 2 para el mes de noviembre, aunado a la renovaci\u00f3n a 2 mil unidades de bajas emisiones de transporte p\u00fablico y 400 de transmetro.<\/p>\n<p>FUENTE: ABC NOTICIAS<\/p>\n<p>foto: abc noticias<\/p>\n","protected":false},"excerpt":{"rendered":"<p>Monterrey, N.L.- Para que adem\u00e1s de informar a la ciudadan\u00eda sirva para callarle la boca a la \u201cvieja pol\u00edtica\u201d, a partir del 31 de julio el gobernador Samuel Garc\u00eda tendr\u00e1 su \u201cma\u00f1anera\u201d, todos los lunes a las 10:00 horas. En estas ediciones del Nuevo Le\u00f3n Informa, dar\u00e1 a conocer los avances de su administraci\u00f3n, principalmente [&hellip;]<\/p>\n","protected":false},"author":9,"featured_media":44286,"comment_status":"closed","ping_status":"closed","sticky":false,"template":"","format":"standard","meta":{"footnotes":""},"categories":[15],"tags":[4194,5895,5113,5037,5859],"class_list":["post-44285","post","type-post","status-publish","format-standard","has-post-thumbnail","hentry","category-estado","tag-mananera","tag-monterrey","tag-nuevoleon","tag-samuelgarcia","tag-ultimas-noticias"],"_links":{"self":[{"href":"https:\/\/laultimapalabra.com.mx\/portal\/wp-json\/wp\/v2\/posts\/44285","targetHints":{"allow":["GET"]}}],"collection":[{"href":"https:\/\/laultimapalabra.com.mx\/portal\/wp-json\/wp\/v2\/posts"}],"about":[{"href":"https:\/\/laultimapalabra.com.mx\/portal\/wp-json\/wp\/v2\/types\/post"}],"author":[{"embeddable":true,"href":"https:\/\/laultimapalabra.com.mx\/portal\/wp-json\/wp\/v2\/users\/9"}],"replies":[{"embeddable":true,"href":"https:\/\/laultimapalabra.com.mx\/portal\/wp-json\/wp\/v2\/comments?post=44285"}],"version-history":[{"count":1,"href":"https:\/\/laultimapalabra.com.mx\/portal\/wp-json\/wp\/v2\/posts\/44285\/revisions"}],"predecessor-version":[{"id":44287,"href":"https:\/\/laultimapalabra.com.mx\/portal\/wp-json\/wp\/v2\/posts\/44285\/revisions\/44287"}],"wp:featuredmedia":[{"embeddable":true,"href":"https:\/\/laultimapalabra.com.mx\/portal\/wp-json\/wp\/v2\/media\/44286"}],"wp:attachment":[{"href":"https:\/\/laultimapalabra.com.mx\/portal\/wp-json\/wp\/v2\/media?parent=44285"}],"wp:term":[{"taxonomy":"category","embeddable":true,"href":"https:\/\/laultimapalabra.com.mx\/portal\/wp-json\/wp\/v2\/categories?post=44285"},{"taxonomy":"post_tag","embeddable":true,"href":"https:\/\/laultimapalabra.com.mx\/portal\/wp-json\/wp\/v2\/tags?post=44285"}],"curies":[{"name":"wp","href":"https:\/\/api.w.org\/{rel}","templated":true}]}}