                       {"id":44372,"date":"2023-07-27T23:17:36","date_gmt":"2023-07-28T05:17:36","guid":{"rendered":"https:\/\/laultimapalabra.com.mx\/portal\/?p=44372"},"modified":"2023-07-27T23:17:40","modified_gmt":"2023-07-28T05:17:40","slug":"tendran-jimenenses-su-gimnasio-polideportivo","status":"publish","type":"post","link":"https:\/\/laultimapalabra.com.mx\/portal\/tendran-jimenenses-su-gimnasio-polideportivo\/","title":{"rendered":"Tendr\u00e1n jimenenses su gimnasio polideportivo"},"content":{"rendered":"\n<p>Cadereyta Jim\u00e9nez, N.L.- Con una extensi\u00f3n de m\u00e1s de mil 500 metros cuadrados y una inversi\u00f3n superior a los 20 millones de pesos, el Gobierno de Cadereyta di\u00f3 arranque este jueves a la construcci\u00f3n del primer Gimnasio Polideportivo municipal que beneficiar\u00e1 a miles de jimeneses.<br \/>Destacando el impulso que la actual Administraci\u00f3n ha dado al deporte desde el primer d\u00eda, el Alcalde Cosme Juli\u00e1n Leal Cant\u00fa, encabez\u00f3 el banderazo que di\u00f3 inicio a esta importante obra que ser\u00e1 uno de los \u00edconos de la ciudad.<br \/>\u201cPor supuesto que nuestro querido Cadereyta se merece un gimnasio de calidad, en nuestra ciudad hay much\u00edsimo talento deportivo y es justo que nuestra gente disfrute de instalaciones de primer mundo que nos sintamos orgullosos y c\u00f3modos al momento de acudir a practicar cualquier deporte\u201d, dijo el Edil jimenense.<br \/>Leal Cant\u00fa detall\u00f3 que el gimnasio municipal estar\u00e1 equipado con infraestructura para poder llevar a cabo actividades como basquetbol, volibol, box, handball, karate, zumba, yoga, deporte paral\u00edmpico y diversas din\u00e1micas para los adultos mayores.<br \/>\u201cEstar\u00e1 completamente climatizado y tendremos \u00e1reas de taquillas, recepci\u00f3n, oficinas administrativas, sala de juntas, archivo, bodega, cuarto de sistemas, gradas, un \u00e1rea polivalente as\u00ed como sanitarios y vestidores para nuestros deportistas\u201d, dijo el Alcalde de Cadereyta.<br \/>El Gimnasio Polideportivo Cadereyta tendr\u00e1 un estacionamiento propio de m\u00e1s de 50 cajones de capacidad y el inmueble estar\u00e1 ubicado en los terrenos de la Unidad Deportiva Alfonso Mart\u00ednez Dom\u00ednguez, en la Colonia Praderas de Cadereyta.<br \/>Se estima que el per\u00edodo de construcci\u00f3n sea de aproximadamente seis meses y as\u00ed qued\u00e9 completamente listo para su funcionamiento.<\/p>\n\n\n\n<figure class=\"wp-block-image size-large\"><img loading=\"lazy\" decoding=\"async\" width=\"1024\" height=\"682\" src=\"https:\/\/laultimapalabra.com.mx\/portal\/wp-content\/uploads\/2023\/07\/img-20230727-wa00891617876345067283616-1024x682.jpg\" alt=\"\" class=\"wp-image-44369\" srcset=\"https:\/\/laultimapalabra.com.mx\/portal\/wp-content\/uploads\/2023\/07\/img-20230727-wa00891617876345067283616-1024x682.jpg 1024w, https:\/\/laultimapalabra.com.mx\/portal\/wp-content\/uploads\/2023\/07\/img-20230727-wa00891617876345067283616-300x200.jpg 300w, https:\/\/laultimapalabra.com.mx\/portal\/wp-content\/uploads\/2023\/07\/img-20230727-wa00891617876345067283616-768x512.jpg 768w, https:\/\/laultimapalabra.com.mx\/portal\/wp-content\/uploads\/2023\/07\/img-20230727-wa00891617876345067283616-1536x1023.jpg 1536w, https:\/\/laultimapalabra.com.mx\/portal\/wp-content\/uploads\/2023\/07\/img-20230727-wa00891617876345067283616.jpg 1600w\" sizes=\"auto, (max-width: 1024px) 100vw, 1024px\" \/><\/figure>\n\n\n\n<figure class=\"wp-block-image\"><img loading=\"lazy\" decoding=\"async\" width=\"1024\" height=\"525\" src=\"https:\/\/laultimapalabra.com.mx\/portal\/wp-content\/uploads\/2023\/07\/img-20230727-wa00884291669214130790644-1024x525.jpg\" alt=\"\" class=\"wp-image-44371\" srcset=\"https:\/\/laultimapalabra.com.mx\/portal\/wp-content\/uploads\/2023\/07\/img-20230727-wa00884291669214130790644-1024x525.jpg 1024w, https:\/\/laultimapalabra.com.mx\/portal\/wp-content\/uploads\/2023\/07\/img-20230727-wa00884291669214130790644-300x154.jpg 300w, https:\/\/laultimapalabra.com.mx\/portal\/wp-content\/uploads\/2023\/07\/img-20230727-wa00884291669214130790644-768x394.jpg 768w, https:\/\/laultimapalabra.com.mx\/portal\/wp-content\/uploads\/2023\/07\/img-20230727-wa00884291669214130790644-1536x788.jpg 1536w, https:\/\/laultimapalabra.com.mx\/portal\/wp-content\/uploads\/2023\/07\/img-20230727-wa00884291669214130790644.jpg 1600w\" sizes=\"auto, (max-width: 1024px) 100vw, 1024px\" \/><\/figure>\n\n\n\n<figure class=\"wp-block-image\"><img loading=\"lazy\" decoding=\"async\" width=\"1024\" height=\"617\" src=\"https:\/\/laultimapalabra.com.mx\/portal\/wp-content\/uploads\/2023\/07\/img-20230727-wa00866971311749883570713-1024x617.jpg\" alt=\"\" class=\"wp-image-44370\" srcset=\"https:\/\/laultimapalabra.com.mx\/portal\/wp-content\/uploads\/2023\/07\/img-20230727-wa00866971311749883570713-1024x617.jpg 1024w, https:\/\/laultimapalabra.com.mx\/portal\/wp-content\/uploads\/2023\/07\/img-20230727-wa00866971311749883570713-300x181.jpg 300w, https:\/\/laultimapalabra.com.mx\/portal\/wp-content\/uploads\/2023\/07\/img-20230727-wa00866971311749883570713-768x463.jpg 768w, https:\/\/laultimapalabra.com.mx\/portal\/wp-content\/uploads\/2023\/07\/img-20230727-wa00866971311749883570713-1536x925.jpg 1536w, https:\/\/laultimapalabra.com.mx\/portal\/wp-content\/uploads\/2023\/07\/img-20230727-wa00866971311749883570713-400x240.jpg 400w, https:\/\/laultimapalabra.com.mx\/portal\/wp-content\/uploads\/2023\/07\/img-20230727-wa00866971311749883570713.jpg 1600w\" sizes=\"auto, (max-width: 1024px) 100vw, 1024px\" \/><\/figure>\n","protected":false},"excerpt":{"rendered":"<p>Cadereyta Jim\u00e9nez, N.L.- Con una extensi\u00f3n de m\u00e1s de mil 500 metros cuadrados y una inversi\u00f3n superior a los 20 millones de pesos, el Gobierno de Cadereyta di\u00f3 arranque este jueves a la construcci\u00f3n del primer Gimnasio Polideportivo municipal que beneficiar\u00e1 a miles de jimeneses.Destacando el impulso que la actual Administraci\u00f3n ha dado al deporte [&hellip;]<\/p>\n","protected":false},"author":7,"featured_media":44368,"comment_status":"closed","ping_status":"closed","sticky":false,"template":"","format":"standard","meta":{"footnotes":""},"categories":[17],"tags":[719,8581,3860],"class_list":["post-44372","post","type-post","status-publish","format-standard","has-post-thumbnail","hentry","category-locales-cadereyta","tag-cosme-leal","tag-gimnasio-polideportivo","tag-gobierno-de-cadereyta"],"_links":{"self":[{"href":"https:\/\/laultimapalabra.com.mx\/portal\/wp-json\/wp\/v2\/posts\/44372","targetHints":{"allow":["GET"]}}],"collection":[{"href":"https:\/\/laultimapalabra.com.mx\/portal\/wp-json\/wp\/v2\/posts"}],"about":[{"href":"https:\/\/laultimapalabra.com.mx\/portal\/wp-json\/wp\/v2\/types\/post"}],"author":[{"embeddable":true,"href":"https:\/\/laultimapalabra.com.mx\/portal\/wp-json\/wp\/v2\/users\/7"}],"replies":[{"embeddable":true,"href":"https:\/\/laultimapalabra.com.mx\/portal\/wp-json\/wp\/v2\/comments?post=44372"}],"version-history":[{"count":1,"href":"https:\/\/laultimapalabra.com.mx\/portal\/wp-json\/wp\/v2\/posts\/44372\/revisions"}],"predecessor-version":[{"id":44373,"href":"https:\/\/laultimapalabra.com.mx\/portal\/wp-json\/wp\/v2\/posts\/44372\/revisions\/44373"}],"wp:featuredmedia":[{"embeddable":true,"href":"https:\/\/laultimapalabra.com.mx\/portal\/wp-json\/wp\/v2\/media\/44368"}],"wp:attachment":[{"href":"https:\/\/laultimapalabra.com.mx\/portal\/wp-json\/wp\/v2\/media?parent=44372"}],"wp:term":[{"taxonomy":"category","embeddable":true,"href":"https:\/\/laultimapalabra.com.mx\/portal\/wp-json\/wp\/v2\/categories?post=44372"},{"taxonomy":"post_tag","embeddable":true,"href":"https:\/\/laultimapalabra.com.mx\/portal\/wp-json\/wp\/v2\/tags?post=44372"}],"curies":[{"name":"wp","href":"https:\/\/api.w.org\/{rel}","templated":true}]}}