                       {"id":4445,"date":"2018-11-01T23:24:41","date_gmt":"2018-11-01T23:24:41","guid":{"rendered":"http:\/\/laultimapalabra.info\/?p=4445"},"modified":"2024-12-11T08:53:21","modified_gmt":"2024-12-11T14:53:21","slug":"el-quemador-39","status":"publish","type":"post","link":"https:\/\/laultimapalabra.com.mx\/portal\/el-quemador-39\/","title":{"rendered":"El Quemador"},"content":{"rendered":"<p><img loading=\"lazy\" decoding=\"async\" class=\"size-medium wp-image-159 alignleft\" src=\"https:\/\/laultimapalabra.com.mx\/portal\/wp-content\/uploads\/2018\/02\/Banner-Caliente-copia-300x171.jpg\" alt=\"\" width=\"300\" height=\"171\" \/>Por: El Repre<\/p>\n<p style=\"text-align: justify;\">REELECCI\u00d3N<br \/>\nIniciamos esta columneja muy pero muy contentos por todo lo que se ha vivido en los \u00faltimos d\u00edas en nuestra H. Secci\u00f3n 49\u2026y es que literalmente fue una semana de locura donde hubo mucha euforia y algarab\u00eda de los compitas petroleros por celebrar su proceso electoral y llevar a la relecci\u00f3n a Rafael Ortu\u00f1o Gonz\u00e1lez el Faly!!<br \/>\nARRAS\u00d3<br \/>\nY as\u00ed como se los aseguramos en este espacio, as\u00ed sucedi\u00f3\u2026Super Faly Ortu\u00f1o arrasar\u00eda con los votos y ser\u00eda el triunfador absoluto para ser de nueva cuenta el Secretario General de la Secci\u00f3n 49\u2026y para que quede claro el Faly y su Planilla Azul se llevaron 2063 votos y la otra apenas 367\u2026arras\u00f3 el Super Faly compitas!!<br \/>\nEL MEJOR<br \/>\nSin temor a equivocarnos el resultado de la elecci\u00f3n fue el m\u00e1s acertado y correcto de parte de los compitas, pues hoy en d\u00eda no hay mejor hombre para dirigir los destinos de la 49 que Rafael Faly Ortu\u00f1o\u2026siempre ser\u00e1 bueno que exista la continuidad y que mejor que sea dirigida por un hombre comprometido, visionario y de capacidad probada como el Faly Ortu\u00f1o!!<br \/>\nPLANILLA AZUL<br \/>\nY as\u00ed fue compitas despu\u00e9s de haberse registrado debidamente el martes la Planilla Azul encabezada por Super Faly Ortu\u00f1o logro el triunfo y trajo mucha alegr\u00eda a los cientos y cientos de compitas que en todo momento le brindaron su confianza y apoyo incondicional\u2026una felicitaci\u00f3n para todos los integrantes de la Planilla Azul!!<br \/>\nFALTAN 10<br \/>\nPor cierto, que hasta el cierre de esta edici\u00f3n aun no se daba a conocer la Planilla completa, pues solo se publicaron los nombres de quienes integrar\u00edan el cuerpo de gobierno\u2026as\u00ed que para que este totalmente completa faltan 10 nombres, los cueles los estar\u00e1n soltando en los pr\u00f3ximos 3 d\u00edas\u2026por lo pronto aqu\u00ed abajito les daremos los nombres del nuevo cuerpo de gobierno de nuestra H. Secci\u00f3n 49\u2026s\u00edganle!!<br \/>\nCUERPO DE GOBIERNO<br \/>\nRafael Ortu\u00f1o Gonz\u00e1lez-Secretario General\u2026Alejandro Camacho Trevi\u00f1o-Secretario del Interior y Acuerdos\u2026Luis Erasmo Galv\u00e1n P\u00e9rez-Secretario del Exterior y Propaganda\u2026Jos\u00e9 \u00c1ngel Ortu\u00f1o Gonz\u00e1lez-Secretario de Ajustes\u2026Jos\u00e9 Luis Campos Salazar-Secretario de Trabajo\u2026Nora Hilda Monta\u00f1o Nava-Secretario Tesorero\u2026Silvia Carolina \u00c1vila Alvarado-Secretario de Organizaci\u00f3n y Estad\u00edstica\u2026Claudia Lorena Guevara V\u00e1zquez-Secretario de Educaci\u00f3n y Previsi\u00f3n Social\u2026Claudia Ivette Reyes Ruiz-Secretario de Actas\u2026Clemente Gonz\u00e1lez Rosas-Secretario de Educaci\u00f3n y Previsi\u00f3n Social por jubilados\u2026Juan Gonz\u00e1lez Olvera-Presidente Consejo Local de Vigilancia\u2026Diego Ricardo Lizardi Santacruz-Secretario Consejo Local de Vigilancia\u2026Jes\u00fas Arturo Guevara Gonz\u00e1lez-Vocal Consejo Local de Vigilancia\u2026Christian Arturo Gallardo Huerta-Presidente Comisi\u00f3n de Honor y Justicia\u2026Marco Eduardo Garc\u00eda Carrasco-Secretario Comisi\u00f3n Honor y Justicia\u2026Juan Lorenzo Romo Mart\u00ednez-Vocal Honor y Justicia!!<br \/>\nSOBRE ELLOS<br \/>\nPues sobre todos estos hombres y mujeres estar\u00e1 cayendo el peso de nuestra H. Secci\u00f3n 49\u2026ojal\u00e1 que cada uno de ellos cumpla cabalmente con su funci\u00f3n asignada para el beneficio de sus compa\u00f1eros de gremio\u2026el resto de los integrantes de la Planilla Azul se los debemos para la pr\u00f3xima semana!!<br \/>\nEJEMPLAR<br \/>\nEn cuanto a los comicios que se llevaron a cabo el pasado mi\u00e9rcoles 31 de octubre les contamos que todo se llev\u00f3 en un marco de respeto y cordialidad\u2026la organizaci\u00f3n y log\u00edstica del proceso fue muy buena y los compitas pudieron acudir de forma sencilla y r\u00e1pida a ejercer su voto\u2026dicho de otra manera las elecciones fueron ejemplares y todo un \u00e9xito!!<br \/>\nIN\u00c9DITAS<br \/>\nY por supuesto que tambi\u00e9n fueron in\u00e9ditas pues nunca en la historia de la Secci\u00f3n se hab\u00edan realizado unas votaciones en la modalidad de voto libre y secreto como lo exige la ley\u2026el abstencionismo fue menor ya que acudieron a votar poco m\u00e1s del 85% del padr\u00f3n electoral que es comprendido por puro trabajador de planta sindicalizado!!<br \/>\nM\u00c9XICO<br \/>\nExtraoficialmente nos cuentan que para el pr\u00f3ximo lunes nuestro Secretario General reelecto el Faly Ortu\u00f1o estar\u00e1 viajando a la CDMX para presentar ante el Comit\u00e9 Ejecutivo Nacional su Planilla ganadora\u2026tambi\u00e9n nos dicen que en un par de semanas estar\u00edan recibiendo la llamada toma de nota, documento que extiende la Secretaria de Trabajo y Previsi\u00f3n Social para darle legalidad al contundente triunfo de la Azul!!<br \/>\nLOS NACIONALES<br \/>\nY ya por el ultimo a todos esos preguntones les decimos que aun no se sabe nada de los comisionados de la 49 que nos representaran a nivel nacional en el Comit\u00e9 Ejecutivo Nacional en la CDMX\u2026ahora s\u00ed compitas que nadie sabe y nadie supo si habr\u00e1 cambios o no all\u00e1 por la Capital\u2026pero estaremos al pendiente, claro que s\u00ed!!&#8230;Arrivederchi!!<\/p>\n","protected":false},"excerpt":{"rendered":"<p>Por: El Repre REELECCI\u00d3N Iniciamos esta columneja muy pero muy contentos por todo lo que se ha vivido en los \u00faltimos d\u00edas en nuestra H. Secci\u00f3n 49\u2026y es que literalmente fue una semana de locura donde hubo mucha euforia y algarab\u00eda de los compitas petroleros por celebrar su proceso electoral y llevar a la relecci\u00f3n [&hellip;]<\/p>\n","protected":false},"author":9,"featured_media":159,"comment_status":"open","ping_status":"closed","sticky":false,"template":"","format":"standard","meta":{"footnotes":""},"categories":[1],"tags":[944],"class_list":["post-4445","post","type-post","status-publish","format-standard","has-post-thumbnail","hentry","category-noticias","tag-el-repre-el-quemador"],"_links":{"self":[{"href":"https:\/\/laultimapalabra.com.mx\/portal\/wp-json\/wp\/v2\/posts\/4445","targetHints":{"allow":["GET"]}}],"collection":[{"href":"https:\/\/laultimapalabra.com.mx\/portal\/wp-json\/wp\/v2\/posts"}],"about":[{"href":"https:\/\/laultimapalabra.com.mx\/portal\/wp-json\/wp\/v2\/types\/post"}],"author":[{"embeddable":true,"href":"https:\/\/laultimapalabra.com.mx\/portal\/wp-json\/wp\/v2\/users\/9"}],"replies":[{"embeddable":true,"href":"https:\/\/laultimapalabra.com.mx\/portal\/wp-json\/wp\/v2\/comments?post=4445"}],"version-history":[{"count":1,"href":"https:\/\/laultimapalabra.com.mx\/portal\/wp-json\/wp\/v2\/posts\/4445\/revisions"}],"predecessor-version":[{"id":65402,"href":"https:\/\/laultimapalabra.com.mx\/portal\/wp-json\/wp\/v2\/posts\/4445\/revisions\/65402"}],"wp:featuredmedia":[{"embeddable":true,"href":"https:\/\/laultimapalabra.com.mx\/portal\/wp-json\/"}],"wp:attachment":[{"href":"https:\/\/laultimapalabra.com.mx\/portal\/wp-json\/wp\/v2\/media?parent=4445"}],"wp:term":[{"taxonomy":"category","embeddable":true,"href":"https:\/\/laultimapalabra.com.mx\/portal\/wp-json\/wp\/v2\/categories?post=4445"},{"taxonomy":"post_tag","embeddable":true,"href":"https:\/\/laultimapalabra.com.mx\/portal\/wp-json\/wp\/v2\/tags?post=4445"}],"curies":[{"name":"wp","href":"https:\/\/api.w.org\/{rel}","templated":true}]}}